{"id":973,"date":"2016-11-10T11:28:14","date_gmt":"2016-11-10T13:28:14","guid":{"rendered":"http:\/\/sinpes.org.br\/site\/?p=973"},"modified":"2016-11-10T11:28:49","modified_gmt":"2016-11-10T13:28:49","slug":"plano-de-saude-ex-professores-da-pucpr","status":"publish","type":"post","link":"https:\/\/sinpes.org.br\/site\/plano-de-saude-ex-professores-da-pucpr\/","title":{"rendered":"Plano de Sa\u00fade &#8211; Ex Professores da PUC\/PR"},"content":{"rendered":"<p style=\"text-align: justify;\">Nos autos de n\u00ba 0011628-05.2016.5.09.0016, em tr\u00e2mite perante a 10\u00aa Vara do Trabalho de Curitiba foi deferida a antecipa\u00e7\u00e3o de tutela pretendida\u00a0<strong>\u201cpara determinar que as reclamadas providenciem o imediato restabelecimento do plano de sa\u00fade dos professores substitu\u00eddos, bem como outros professores que se encontrem em id\u00eantica situa\u00e7\u00e3o \u00e0 narrada na peti\u00e7\u00e3o inicial, nos mesmos moldes da sistem\u00e1tica anterior a 30\/09\/2016, nas mesmas condi\u00e7\u00f5es e sem qualquer car\u00eancia, autorizando-se provisoriamente reajuste de 10,4568% na mensalidade praticada em face dos planos de sa\u00fade a partir de 01.10.2016, at\u00e9 que prova apresentada pela parte R\u00e9 ou eventual prova pericial defina com exatid\u00e3o o valor de reajuste a ser praticado na forma estabelecida pela cl\u00e1usula 66 do contrato entabulado entre as requeridas.\u201d<\/strong><\/p>\n<p style=\"text-align: justify;\">A PUC\/PR e a Unimed tiveram o prazo de 48h para restabelecer os Planos de Sa\u00fade dos Ex-Professores, o qual venceu na sexta-feira (04.11.2016). A Unimed pronunciou-se nos autos informando que j\u00e1 cumpriu a ordem judicial recebida.<\/p>\n<p style=\"text-align: justify;\">Confirmando sua inten\u00e7\u00e3o de dar cumprimento \u00e0 ordem judicial a UNIMED encaminhou a diversos dos professores beneficiados com a decis\u00e3o telegrama dando conta do restabelecimento do Plano de Sa\u00fade e de que em 15 dias seria encaminhada nova carteira do plano.<\/p>\n<p style=\"text-align: justify;\">Os ex-Professores que n\u00e3o receberam tal comunica\u00e7\u00e3o devem comparecer a estabelecimento comercial da UNIMED, munidos de seus documentos pessoais, de comprovante de que contribuinte do plano de sa\u00fade at\u00e9 30.09.2016 e de c\u00f3pia da liminar deferindo o pedido de tutela antecipada e da peti\u00e7\u00e3o da Unimed indicando o cumprimento da decis\u00e3o, esses \u00faltimos pass\u00edveis de serem extra\u00eddos do presente site em \u00edcones abaixo.<\/p>\n<p style=\"text-align: justify;\"><strong>Em caso de dificuldade na reintegra\u00e7\u00e3o no plano devem comunicar imediatamente o Sinpes, a fim de que esse providencie a cobran\u00e7a da multa estabelecida em ju\u00edzo, para a hip\u00f3tese de descumprimento da determina\u00e7\u00e3o judicial.<\/strong><\/p>\n<p style=\"text-align: justify;\"><a class=\"fasc-button fasc-size-medium fasc-type-glossy fasc-rounded-medium fasc-ico-before dashicons-admin-links\" style=\"background-color: #33809e; color: #ffffff;\" href=\"http:\/\/sinpes.org.br\/site\/wp-content\/uploads\/2016\/11\/Decisao-Liminar-Sinpes-0011628-05.2016.5.09.0016.pdf\" target=\"_blank\" data-fasc-style=\"background-color:#33809e;color:#ffffff;\">Decis\u00e3o Liminar Sinpes<\/a> <a class=\"fasc-button fasc-size-medium fasc-type-glossy fasc-rounded-medium fasc-ico-before dashicons-admin-links\" style=\"background-color: #31adde; color: #ffffff;\" href=\"http:\/\/sinpes.org.br\/site\/wp-content\/uploads\/2016\/11\/Peticao-Unimed.pdf\" target=\"_blank\" data-fasc-style=\"background-color:#31adde;color:#ffffff;\">Peti\u00e7\u00e3o Unimed<\/a><\/p>\n<!-- AddThis Advanced Settings generic via filter on the_content --><!-- AddThis Share Buttons generic via filter on the_content -->","protected":false},"excerpt":{"rendered":"<p>Nos autos de n\u00ba 0011628-05.2016.5.09.0016, em tr\u00e2mite perante a 10\u00aa Vara do Trabalho de Curitiba foi deferida a antecipa\u00e7\u00e3o de tutela pretendida\u00a0\u201cpara determinar que as reclamadas providenciem o imediato restabelecimento do plano de sa\u00fade dos professores substitu\u00eddos, bem como outros professores que se encontrem em id\u00eantica situa\u00e7\u00e3o \u00e0 narrada na peti\u00e7\u00e3o inicial, nos mesmos moldes [&hellip;]<!-- AddThis Advanced Settings generic via filter on wp_trim_excerpt --><!-- AddThis Share Buttons generic via filter on wp_trim_excerpt --><\/p>\n","protected":false},"author":2,"featured_media":0,"comment_status":"closed","ping_status":"open","sticky":false,"template":"","format":"standard","meta":{"footnotes":""},"categories":[18,2],"tags":[110,166,61],"class_list":["post-973","post","type-post","status-publish","format-standard","hentry","category-destaque","category-puc","tag-ex-professor","tag-plano","tag-puc"],"_links":{"self":[{"href":"https:\/\/sinpes.org.br\/site\/wp-json\/wp\/v2\/posts\/973","targetHints":{"allow":["GET"]}}],"collection":[{"href":"https:\/\/sinpes.org.br\/site\/wp-json\/wp\/v2\/posts"}],"about":[{"href":"https:\/\/sinpes.org.br\/site\/wp-json\/wp\/v2\/types\/post"}],"author":[{"embeddable":true,"href":"https:\/\/sinpes.org.br\/site\/wp-json\/wp\/v2\/users\/2"}],"replies":[{"embeddable":true,"href":"https:\/\/sinpes.org.br\/site\/wp-json\/wp\/v2\/comments?post=973"}],"version-history":[{"count":1,"href":"https:\/\/sinpes.org.br\/site\/wp-json\/wp\/v2\/posts\/973\/revisions"}],"predecessor-version":[{"id":976,"href":"https:\/\/sinpes.org.br\/site\/wp-json\/wp\/v2\/posts\/973\/revisions\/976"}],"wp:attachment":[{"href":"https:\/\/sinpes.org.br\/site\/wp-json\/wp\/v2\/media?parent=973"}],"wp:term":[{"taxonomy":"category","embeddable":true,"href":"https:\/\/sinpes.org.br\/site\/wp-json\/wp\/v2\/categories?post=973"},{"taxonomy":"post_tag","embeddable":true,"href":"https:\/\/sinpes.org.br\/site\/wp-json\/wp\/v2\/tags?post=973"}],"curies":[{"name":"wp","href":"https:\/\/api.w.org\/{rel}","templated":true}]}}