{"id":970,"date":"2016-11-07T11:56:22","date_gmt":"2016-11-07T13:56:22","guid":{"rendered":"http:\/\/sinpes.org.br\/site\/?p=970"},"modified":"2016-11-07T11:56:22","modified_gmt":"2016-11-07T13:56:22","slug":"professores-do-camoes-votam-indicativo-de-greve","status":"publish","type":"post","link":"https:\/\/sinpes.org.br\/site\/professores-do-camoes-votam-indicativo-de-greve\/","title":{"rendered":"Professores do Cam\u00f5es Votam Indicativo de Greve"},"content":{"rendered":"<p style=\"text-align: justify;\">Os professores do Instituto de Ensino Superior Cam\u00f5es reunidos em assembleia hist\u00f3rica em que compareceram cerca de 50% da integralidade do corpo docente, votaram <strong>indicativo de greve<\/strong> na assembleia realizada no dia 05 de novembro de 2016, \u00e0s 11h00min, no Hotel Roochele, na Rua Tibagi 307, no Centro de Curitiba. Isto quer significar que em respeito aos alunos continuar\u00e3o precariamente desempenhando com regularidade todas as suas atividades na semana compreendida entre 07 e 12 de novembro, atentos ao desenrolar das negocia\u00e7\u00f5es para a quita\u00e7\u00e3o dos sal\u00e1rios pendentes.<\/p>\n<p style=\"text-align: justify;\"><strong>Os docentes s\u00f3 n\u00e3o decretaram a deflagra\u00e7\u00e3o de greve geral por tempo indeterminado porque resolveram dar um \u00faltimo voto de confian\u00e7a para o propriet\u00e1rio das Faculdades Cam\u00f5es, que em reuni\u00e3o com os professores realizada no m\u00eas de outubro, comprometeu-se a colocar em dia os sal\u00e1rios at\u00e9 o dia 07.11.2016.<\/strong><\/p>\n<p style=\"text-align: justify;\">Os professores da Cam\u00f5es aceitam estudar a viabilidade de parte dos pagamentos atrasados ser efetivado pela via de habilita\u00e7\u00e3o em valor que estaria bloqueado perante a 5\u00aa. Vara C\u00edvel de Maring\u00e1 e lamentaram que somente na 6\u00aa Feira o advogado da Cam\u00f5es tenha encaminhado a identifica\u00e7\u00e3o dos autos, inviabilizando assim que a proposta fosse examinada sob o prisma jur\u00eddico antes da realiza\u00e7\u00e3o da assembleia.<\/p>\n<p style=\"text-align: justify;\">Exigem, entretanto, que a maior parte dos sal\u00e1rios seja depositada em suas contas imediatamente visto que as despesas ordin\u00e1rias de aluguel, supermercado e combust\u00edvel, dentre outras, n\u00e3o podem esperar a morosidade da Justi\u00e7a.<\/p>\n<p style=\"text-align: justify;\"><strong>Os professores reunidos em assembleia concederam um prazo at\u00e9 quarta-feira para que as Faculdades Cam\u00f5es encaminhem ao sindicato planilha dos sal\u00e1rios que reconhecem como devidos, a fim de que as partes possam negociar a forma do pagamento dos mesmos, que ser\u00e1 submetida a nova assembleia j\u00e1 designada para o dia 12.11.2016 \u00e0s 11 horas no Hotel Roochelle na Rua Tibagi 307, Centro de Curitiba.<\/strong><\/p>\n<p style=\"text-align: justify;\"><strong>Nessa ocasi\u00e3o ser\u00e1 analisada a conjuntura das negocia\u00e7\u00f5es, bem como o esperado pagamento ao menos de parte dos sal\u00e1rios devidos, assim como a ado\u00e7\u00e3o de provid\u00eancias mais firmes a respeito do cr\u00f4nico atraso salarial sofrido pelos docentes, inclusive a deflagra\u00e7\u00e3o de greve por tempo indeterminado. <\/strong><\/p>\n<p style=\"text-align: justify;\"><strong>Com direito \u00e0 voz, mas n\u00e3o a voto, s\u00e3o bem-vindos tamb\u00e9m os alunos da institui\u00e7\u00e3o, sempre solid\u00e1rios com os seus professores em situa\u00e7\u00f5es dif\u00edceis como a que ora se afigura. <\/strong><\/p>\n<!-- AddThis Advanced Settings generic via filter on the_content --><!-- AddThis Share Buttons generic via filter on the_content -->","protected":false},"excerpt":{"rendered":"<p>Os professores do Instituto de Ensino Superior Cam\u00f5es reunidos em assembleia hist\u00f3rica em que compareceram cerca de 50% da integralidade do corpo docente, votaram indicativo de greve na assembleia realizada no dia 05 de novembro de 2016, \u00e0s 11h00min, no Hotel Roochele, na Rua Tibagi 307, no Centro de Curitiba. Isto quer significar que em [&hellip;]<!-- AddThis Advanced Settings generic via filter on wp_trim_excerpt --><!-- AddThis Share Buttons generic via filter on wp_trim_excerpt --><\/p>\n","protected":false},"author":2,"featured_media":782,"comment_status":"closed","ping_status":"open","sticky":false,"template":"","format":"standard","meta":{"footnotes":""},"categories":[120,18],"tags":[121,83],"class_list":["post-970","post","type-post","status-publish","format-standard","has-post-thumbnail","hentry","category-camoes","category-destaque","tag-camoes","tag-greve"],"_links":{"self":[{"href":"https:\/\/sinpes.org.br\/site\/wp-json\/wp\/v2\/posts\/970","targetHints":{"allow":["GET"]}}],"collection":[{"href":"https:\/\/sinpes.org.br\/site\/wp-json\/wp\/v2\/posts"}],"about":[{"href":"https:\/\/sinpes.org.br\/site\/wp-json\/wp\/v2\/types\/post"}],"author":[{"embeddable":true,"href":"https:\/\/sinpes.org.br\/site\/wp-json\/wp\/v2\/users\/2"}],"replies":[{"embeddable":true,"href":"https:\/\/sinpes.org.br\/site\/wp-json\/wp\/v2\/comments?post=970"}],"version-history":[{"count":1,"href":"https:\/\/sinpes.org.br\/site\/wp-json\/wp\/v2\/posts\/970\/revisions"}],"predecessor-version":[{"id":971,"href":"https:\/\/sinpes.org.br\/site\/wp-json\/wp\/v2\/posts\/970\/revisions\/971"}],"wp:featuredmedia":[{"embeddable":true,"href":"https:\/\/sinpes.org.br\/site\/wp-json\/wp\/v2\/media\/782"}],"wp:attachment":[{"href":"https:\/\/sinpes.org.br\/site\/wp-json\/wp\/v2\/media?parent=970"}],"wp:term":[{"taxonomy":"category","embeddable":true,"href":"https:\/\/sinpes.org.br\/site\/wp-json\/wp\/v2\/categories?post=970"},{"taxonomy":"post_tag","embeddable":true,"href":"https:\/\/sinpes.org.br\/site\/wp-json\/wp\/v2\/tags?post=970"}],"curies":[{"name":"wp","href":"https:\/\/api.w.org\/{rel}","templated":true}]}}