{"id":950,"date":"2016-10-26T20:02:32","date_gmt":"2016-10-26T22:02:32","guid":{"rendered":"http:\/\/sinpes.org.br\/site\/?p=950"},"modified":"2016-10-26T20:02:32","modified_gmt":"2016-10-26T22:02:32","slug":"salarios-atrasados-no-camoes-professores-nao-aguentam-mais-enrolacao","status":"publish","type":"post","link":"https:\/\/sinpes.org.br\/site\/salarios-atrasados-no-camoes-professores-nao-aguentam-mais-enrolacao\/","title":{"rendered":"Sal\u00e1rios Atrasados no Cam\u00f5es. Professores n\u00e3o Aguentam mais Enrola\u00e7\u00e3o"},"content":{"rendered":"<p style=\"text-align: justify;\">Os professores do Instituto de Ensino Superior Cam\u00f5es, continuam com seus sal\u00e1rios atrasados. Boa parte deles ainda n\u00e3o receberam as f\u00e9rias de janeiro e o 13\u00ba sal\u00e1rio do ano passado. Os sal\u00e1rios de julho vieram parcelados e em atraso. Todos est\u00e3o sem receber os sal\u00e1rios de agosto e setembro. O FGTS tamb\u00e9m n\u00e3o vem sendo recolhido.<\/p>\n<p style=\"text-align: justify;\">Essa situa\u00e7\u00e3o vem causando grande preocupa\u00e7\u00e3o aos docentes, pois o final do ano letivo est\u00e1 chegando e at\u00e9 agora n\u00e3o se percebe nenhum sinal de que a situa\u00e7\u00e3o ser\u00e1 regularizada.<\/p>\n<p style=\"text-align: justify;\">H\u00e1 mais de um m\u00eas o advogado do Cam\u00f5es ficou de passar para o Sinpes o misterioso n\u00famero de um processo em que os professores poderiam habilitar seus cr\u00e9ditos sem qualquer provid\u00eancia concreta nesse sentido.<\/p>\n<p style=\"text-align: justify;\">Tudo n\u00e3o passa de mais uma triste enrola\u00e7\u00e3o!<\/p>\n<p style=\"text-align: justify;\">Por maior que seja a disposi\u00e7\u00e3o dos docentes de colaborar para a solu\u00e7\u00e3o da crise, o descaso dos respons\u00e1veis por essa institui\u00e7\u00e3o de ensino superior e o desespero representado pela n\u00e3o visualiza\u00e7\u00e3o de uma luz ao final do t\u00fanel com o final do ano se aproximando n\u00e3o deixa alternativa sen\u00e3o a mobiliza\u00e7\u00e3o da categoria contra o cr\u00f4nico atraso salarial.<\/p>\n<p style=\"text-align: justify;\">Como se n\u00e3o bastasse, a Cam\u00f5es continua a agrupar alunos de cursos e disciplinas diferentes em uma mesma sala de aula, o que atenta contra a excel\u00eancia do ensino e afugenta o corpo discente. Em meio a todo esse caos e com a semana de provas se aproximando, os docentes receiam aplicar as provas, lan\u00e7ar as notas e simplesmente n\u00e3o receberem de vez pelos seus trabalhos, a exemplo do ocorrido no ano passado.<\/p>\n<p style=\"text-align: justify;\">\u00a0O Sindicato defende que a Institui\u00e7\u00e3o de Ensino deve estar sempre pautada pelo princ\u00edpio da boa-f\u00e9 e pelo respeito \u00e0 educa\u00e7\u00e3o, o que n\u00e3o acontece notoriamente desde h\u00e1 muito no Cam\u00f5es.<\/p>\n<p style=\"text-align: justify;\">Diante desse caos, o <strong>Sinpes <\/strong><strong>(Sindicato dos Professores de Ensino Superior de Curitiba) <\/strong><strong>convoca os professores da Cam\u00f5es para Assembleia Geral a ser realizada no dia 05 de novembro de 2016, \u00e0s 11h00min, no Hotel Roochele, situado \u00e0 Rua Tibagi, n\u00ba 307, para a ado\u00e7\u00e3o de provid\u00eancias a respeito do cr\u00f4nico atraso salarial sofrido pelos docentes, que podem ir desde a reten\u00e7\u00e3o de notas bimestrais e n\u00e3o realiza\u00e7\u00e3o de provas finais at\u00e9 a deflagra\u00e7\u00e3o de greve por tempo indeterminado. <\/strong><\/p>\n<p style=\"text-align: justify;\"><strong>Com direito a voz, mas n\u00e3o a voto, s\u00e3o benvindos tamb\u00e9m os alunos da institui\u00e7\u00e3o, sempre solid\u00e1rios com os seus professores quando os mesmos s\u00e3o desrespeitados como ocorre neste momento. <\/strong><\/p>\n<p style=\"text-align: justify;\"><strong>\u00a0\u00a0\u00a0\u00a0\u00a0\u00a0\u00a0\u00a0\u00a0\u00a0\u00a0\u00a0\u00a0\u00a0\u00a0\u00a0\u00a0\u00a0\u00a0\u00a0\u00a0\u00a0\u00a0\u00a0\u00a0\u00a0\u00a0\u00a0\u00a0\u00a0\u00a0\u00a0\u00a0\u00a0\u00a0\u00a0\u00a0\u00a0\u00a0\u00a0\u00a0\u00a0\u00a0\u00a0\u00a0\u00a0\u00a0\u00a0\u00a0\u00a0\u00a0\u00a0\u00a0\u00a0\u00a0\u00a0\u00a0\u00a0 Diretoria do Sinpes.<\/strong><\/p>\n<!-- AddThis Advanced Settings generic via filter on the_content --><!-- AddThis Share Buttons generic via filter on the_content -->","protected":false},"excerpt":{"rendered":"<p>Os professores do Instituto de Ensino Superior Cam\u00f5es, continuam com seus sal\u00e1rios atrasados. Boa parte deles ainda n\u00e3o receberam as f\u00e9rias de janeiro e o 13\u00ba sal\u00e1rio do ano passado. Os sal\u00e1rios de julho vieram parcelados e em atraso. Todos est\u00e3o sem receber os sal\u00e1rios de agosto e setembro. O FGTS tamb\u00e9m n\u00e3o vem sendo [&hellip;]<!-- AddThis Advanced Settings generic via filter on wp_trim_excerpt --><!-- AddThis Share Buttons generic via filter on wp_trim_excerpt --><\/p>\n","protected":false},"author":2,"featured_media":0,"comment_status":"closed","ping_status":"open","sticky":false,"template":"","format":"standard","meta":{"footnotes":""},"categories":[120,18],"tags":[87,121],"class_list":["post-950","post","type-post","status-publish","format-standard","hentry","category-camoes","category-destaque","tag-atraso-salarial","tag-camoes"],"_links":{"self":[{"href":"https:\/\/sinpes.org.br\/site\/wp-json\/wp\/v2\/posts\/950","targetHints":{"allow":["GET"]}}],"collection":[{"href":"https:\/\/sinpes.org.br\/site\/wp-json\/wp\/v2\/posts"}],"about":[{"href":"https:\/\/sinpes.org.br\/site\/wp-json\/wp\/v2\/types\/post"}],"author":[{"embeddable":true,"href":"https:\/\/sinpes.org.br\/site\/wp-json\/wp\/v2\/users\/2"}],"replies":[{"embeddable":true,"href":"https:\/\/sinpes.org.br\/site\/wp-json\/wp\/v2\/comments?post=950"}],"version-history":[{"count":2,"href":"https:\/\/sinpes.org.br\/site\/wp-json\/wp\/v2\/posts\/950\/revisions"}],"predecessor-version":[{"id":952,"href":"https:\/\/sinpes.org.br\/site\/wp-json\/wp\/v2\/posts\/950\/revisions\/952"}],"wp:attachment":[{"href":"https:\/\/sinpes.org.br\/site\/wp-json\/wp\/v2\/media?parent=950"}],"wp:term":[{"taxonomy":"category","embeddable":true,"href":"https:\/\/sinpes.org.br\/site\/wp-json\/wp\/v2\/categories?post=950"},{"taxonomy":"post_tag","embeddable":true,"href":"https:\/\/sinpes.org.br\/site\/wp-json\/wp\/v2\/tags?post=950"}],"curies":[{"name":"wp","href":"https:\/\/api.w.org\/{rel}","templated":true}]}}