{"id":925,"date":"2016-10-13T23:03:15","date_gmt":"2016-10-14T02:03:15","guid":{"rendered":"http:\/\/sinpes.org.br\/site\/?p=925"},"modified":"2016-10-13T23:03:15","modified_gmt":"2016-10-14T02:03:15","slug":"convocacao-para-a-assembleia-de-15102016","status":"publish","type":"post","link":"https:\/\/sinpes.org.br\/site\/convocacao-para-a-assembleia-de-15102016\/","title":{"rendered":"Convoca\u00e7\u00e3o Para a Assembleia de 15\/10\/2016"},"content":{"rendered":"<p style=\"text-align: justify;\">Conforme j\u00e1 veiculado no sitio eletr\u00f4nico do SINPES, a delibera\u00e7\u00e3o da Assembleia Geral da Categoria realizada em 17\/09\/2016 foi a de que, tendo em vista as dificuldades de mobiliza\u00e7\u00e3o enfrentadas pelo Sinpes no presente momento, em que a crise recrudesce, fosse assinada a conven\u00e7\u00e3o coletiva tal qual proposta pelo SINEPE, com percentual de reajuste de 8% para fevereiro de 2016 e complementa\u00e7\u00e3o do INPC integral a partir de julho desse ano.<\/p>\n<p style=\"text-align: justify;\">Os professores presentes \u00e0 assembleia recomendaram que, no intuito de compensar o retrocesso hist\u00f3rico representado por um \u00edndice de reajuste inferior \u00e0 infla\u00e7\u00e3o acumulada do per\u00edodo, o Sinpes ajuizasse a\u00e7\u00e3o como substituto processual pedindo o pagamento como extra dos recreios contra as grandes e m\u00e9dias institui\u00e7\u00f5es de ensino superior que insistissem em n\u00e3o recompor integralmente o INPC a partir de fevereiro de 2016.<\/p>\n<p style=\"text-align: justify;\">A espada de D\u00e2mocles colocada na cabe\u00e7a dos patr\u00f5es funcionou!<\/p>\n<p style=\"text-align: justify;\">Preocupados com mais esse significativo passivo trabalhista, os empregadores voltaram para a mesa de negocia\u00e7\u00e3o com uma nova proposta: <strong>manter os percentuais de reajustes anteriormente oferecidos para fevereiro e julho de 2016, mas garantir desde logo o reajuste de fevereiro de 2017 em percentual que corresponda \u00e0 integralidade da infla\u00e7\u00e3o incidentes sobre os sal\u00e1rios recompostos em julho de 2016, mantendo todas as garantias sociais do instrumento normativo vigente at\u00e9 o dia 31.008.2017.<\/strong><\/p>\n<p style=\"text-align: justify;\">A nova postura patronal representa um avan\u00e7o importante no andamento das tratativas. Por outro lado, a necessidade de que os \u00edndices sejam acertados com a maior urg\u00eancia poss\u00edvel \u00e9 premente, j\u00e1 que as diferen\u00e7as devidas se acumulam em desfavor dos professores e os pre\u00e7os dos alugu\u00e9is, da gasolina e do supermercado n\u00e3o param de aumentar.<\/p>\n<p style=\"text-align: justify;\"><strong>Da\u00ed porque o Sinpes convoca a categoria dos professores do ensino superior de Curitiba e da Regi\u00e3o Metropolitana para assembleia geral da categoria que deliberar\u00e1 sobre o fechamento da Conven\u00e7\u00e3o Coletiva de Trabalho no dia 15 de outubro de 2016, Dia do Professor, \u00e0s 11h00min no Hotel Roochelle na Rua Tibagi 307.<\/strong><\/p>\n<!-- AddThis Advanced Settings generic via filter on the_content --><!-- AddThis Share Buttons generic via filter on the_content -->","protected":false},"excerpt":{"rendered":"<p>Conforme j\u00e1 veiculado no sitio eletr\u00f4nico do SINPES, a delibera\u00e7\u00e3o da Assembleia Geral da Categoria realizada em 17\/09\/2016 foi a de que, tendo em vista as dificuldades de mobiliza\u00e7\u00e3o enfrentadas pelo Sinpes no presente momento, em que a crise recrudesce, fosse assinada a conven\u00e7\u00e3o coletiva tal qual proposta pelo SINEPE, com percentual de reajuste de [&hellip;]<!-- AddThis Advanced Settings generic via filter on wp_trim_excerpt --><!-- AddThis Share Buttons generic via filter on wp_trim_excerpt --><\/p>\n","protected":false},"author":2,"featured_media":0,"comment_status":"closed","ping_status":"open","sticky":false,"template":"","format":"standard","meta":{"footnotes":""},"categories":[5],"tags":[],"class_list":["post-925","post","type-post","status-publish","format-standard","hentry","category-sinpes"],"_links":{"self":[{"href":"https:\/\/sinpes.org.br\/site\/wp-json\/wp\/v2\/posts\/925","targetHints":{"allow":["GET"]}}],"collection":[{"href":"https:\/\/sinpes.org.br\/site\/wp-json\/wp\/v2\/posts"}],"about":[{"href":"https:\/\/sinpes.org.br\/site\/wp-json\/wp\/v2\/types\/post"}],"author":[{"embeddable":true,"href":"https:\/\/sinpes.org.br\/site\/wp-json\/wp\/v2\/users\/2"}],"replies":[{"embeddable":true,"href":"https:\/\/sinpes.org.br\/site\/wp-json\/wp\/v2\/comments?post=925"}],"version-history":[{"count":1,"href":"https:\/\/sinpes.org.br\/site\/wp-json\/wp\/v2\/posts\/925\/revisions"}],"predecessor-version":[{"id":926,"href":"https:\/\/sinpes.org.br\/site\/wp-json\/wp\/v2\/posts\/925\/revisions\/926"}],"wp:attachment":[{"href":"https:\/\/sinpes.org.br\/site\/wp-json\/wp\/v2\/media?parent=925"}],"wp:term":[{"taxonomy":"category","embeddable":true,"href":"https:\/\/sinpes.org.br\/site\/wp-json\/wp\/v2\/categories?post=925"},{"taxonomy":"post_tag","embeddable":true,"href":"https:\/\/sinpes.org.br\/site\/wp-json\/wp\/v2\/tags?post=925"}],"curies":[{"name":"wp","href":"https:\/\/api.w.org\/{rel}","templated":true}]}}