{"id":916,"date":"2016-10-03T18:24:40","date_gmt":"2016-10-03T21:24:40","guid":{"rendered":"http:\/\/sinpes.org.br\/site\/?p=916"},"modified":"2016-10-03T18:24:40","modified_gmt":"2016-10-03T21:24:40","slug":"resultado-da-assembleia-geral-da-categoria","status":"publish","type":"post","link":"https:\/\/sinpes.org.br\/site\/resultado-da-assembleia-geral-da-categoria\/","title":{"rendered":"Resultado da Assembleia Geral da Categoria"},"content":{"rendered":"<p style=\"text-align: justify;\">A delibera\u00e7\u00e3o da assembleia foi a de que, tendo em vista as dificuldades de mobiliza\u00e7\u00e3o enfrentadas pelo Sinpes particularmente nesse ano, em que a crise torna mais retr\u00f3grados e autorit\u00e1rios os empregadores, deve-se assinar a conven\u00e7\u00e3o coletiva tal qual proposto pelo SINEPE, com percentual m\u00ednimo de reajuste de 8% para fevereiro de 2016 e complementa\u00e7\u00e3o do INPC integral a partir de julho desse ano.<\/p>\n<p style=\"text-align: justify;\">Os professores presentes \u00e0 assembleia recomendaram que o Sinpes, no intuito de compensar o retrocesso hist\u00f3rico representado por um \u00edndice de reajuste inferior ao \u00edndice de infla\u00e7\u00e3o, o que n\u00e3o acontece h\u00e1 pelo menos tr\u00eas d\u00e9cadas com a categoria dos professores, deve ajuizar a\u00e7\u00e3o como substituto processual pedindo o pagamento como extra dos recreios contra as grandes e m\u00e9dias institui\u00e7\u00f5es de ensino superior que insistirem em n\u00e3o recompor integralmente o INPC a partir de fevereiro de 2016.<\/p>\n<p style=\"text-align: justify;\">Tal recomenda\u00e7\u00e3o decorre do fato de que essa mat\u00e9ria vem se pacificando em favor dos professores no Tribunal Superior do Trabalho.<\/p>\n<p style=\"text-align: justify;\">Assim os m\u00e9dios e grandes empregadores que insistirem nessa mesquinharia ter\u00e3o que repor, a partir do segundo semestre de 2012, segundo os c\u00e1lculos do Sinpes analisados na assembleia, um plus salarial retroativo de 7,5% mensais se o recreio for considerado hora simples e 11,25% se for considerado hora extra, de sorte que os 3,31% sonegados \u00e0 categoria acabar\u00e3o representando um disp\u00eandio significativo para os autores da ideia de reajustar os sal\u00e1rios em patamares bem inferiores aos praticados em rela\u00e7\u00e3o \u00e0s mensalidades escolares.<\/p>\n<p style=\"text-align: justify;\">Segundo os professores presentes na assembleia geral, s\u00f3 assim o desgaste representado por um reajuste inferior \u00e0 infla\u00e7\u00e3o poderia ser minimizado perante os professores prejudicados.<\/p>\n<p style=\"text-align: justify;\">Tamb\u00e9m ficou deliberado que a assinatura da conven\u00e7\u00e3o coletiva dever\u00e1 ser realizada da forma mais discreta poss\u00edvel, sem fotografias nem qualquer esp\u00e9cie de \u201ccomemora\u00e7\u00e3o\u201d por se tratar de motivo de luto para a categoria.<\/p>\n<p style=\"text-align: justify;\">\n<p style=\"text-align: justify;\">\n<!-- AddThis Advanced Settings generic via filter on the_content --><!-- AddThis Share Buttons generic via filter on the_content -->","protected":false},"excerpt":{"rendered":"<p>A delibera\u00e7\u00e3o da assembleia foi a de que, tendo em vista as dificuldades de mobiliza\u00e7\u00e3o enfrentadas pelo Sinpes particularmente nesse ano, em que a crise torna mais retr\u00f3grados e autorit\u00e1rios os empregadores, deve-se assinar a conven\u00e7\u00e3o coletiva tal qual proposto pelo SINEPE, com percentual m\u00ednimo de reajuste de 8% para fevereiro de 2016 e complementa\u00e7\u00e3o [&hellip;]<!-- AddThis Advanced Settings generic via filter on wp_trim_excerpt --><!-- AddThis Share Buttons generic via filter on wp_trim_excerpt --><\/p>\n","protected":false},"author":2,"featured_media":0,"comment_status":"closed","ping_status":"open","sticky":false,"template":"","format":"standard","meta":{"footnotes":""},"categories":[5],"tags":[60],"class_list":["post-916","post","type-post","status-publish","format-standard","hentry","category-sinpes","tag-assembleia-geral"],"_links":{"self":[{"href":"https:\/\/sinpes.org.br\/site\/wp-json\/wp\/v2\/posts\/916","targetHints":{"allow":["GET"]}}],"collection":[{"href":"https:\/\/sinpes.org.br\/site\/wp-json\/wp\/v2\/posts"}],"about":[{"href":"https:\/\/sinpes.org.br\/site\/wp-json\/wp\/v2\/types\/post"}],"author":[{"embeddable":true,"href":"https:\/\/sinpes.org.br\/site\/wp-json\/wp\/v2\/users\/2"}],"replies":[{"embeddable":true,"href":"https:\/\/sinpes.org.br\/site\/wp-json\/wp\/v2\/comments?post=916"}],"version-history":[{"count":1,"href":"https:\/\/sinpes.org.br\/site\/wp-json\/wp\/v2\/posts\/916\/revisions"}],"predecessor-version":[{"id":917,"href":"https:\/\/sinpes.org.br\/site\/wp-json\/wp\/v2\/posts\/916\/revisions\/917"}],"wp:attachment":[{"href":"https:\/\/sinpes.org.br\/site\/wp-json\/wp\/v2\/media?parent=916"}],"wp:term":[{"taxonomy":"category","embeddable":true,"href":"https:\/\/sinpes.org.br\/site\/wp-json\/wp\/v2\/categories?post=916"},{"taxonomy":"post_tag","embeddable":true,"href":"https:\/\/sinpes.org.br\/site\/wp-json\/wp\/v2\/tags?post=916"}],"curies":[{"name":"wp","href":"https:\/\/api.w.org\/{rel}","templated":true}]}}