{"id":910,"date":"2016-08-31T15:32:43","date_gmt":"2016-08-31T18:32:43","guid":{"rendered":"http:\/\/sinpes.org.br\/site\/?p=910"},"modified":"2016-08-31T15:32:43","modified_gmt":"2016-08-31T18:32:43","slug":"atencao-professores-convocacao-para-assembleia-geral-da-categoria","status":"publish","type":"post","link":"https:\/\/sinpes.org.br\/site\/atencao-professores-convocacao-para-assembleia-geral-da-categoria\/","title":{"rendered":"Aten\u00e7\u00e3o, Professores! Convoca\u00e7\u00e3o para Assembleia Geral da Categoria"},"content":{"rendered":"<p style=\"text-align: justify;\"><strong>Professor do Ensino Superior:<\/strong><\/p>\n<p style=\"text-align: justify;\">Conclu\u00edda a ressaca c\u00edvica do <em>impeachment<\/em>, chegou a hora da FIESP e seus aliados, dos grandes conglomerados de imprensa e dos grupos conservadores <!--more-->que se aglutinaram para promover a maior reviravolta pol\u00edtica porque passou o pa\u00eds desde o golpe de 64 mandarem a fatura para o Governo Temer. E nessa conta est\u00e1 o arrocho salarial, a terceiriza\u00e7\u00e3o j\u00e1 aprovada pela C\u00e2mara dos Deputados sob a batuta de Eduardo Cunha, a flexibiliza\u00e7\u00e3o dos direitos trabalhistas e das garantias individuais, o aumento de impostos pagos pelas classes m\u00e9dia e baixa, a pulveriza\u00e7\u00e3o dos direitos previdenci\u00e1rios e a fragiliza\u00e7\u00e3o das prerrogativas sindicais!<\/p>\n<p style=\"text-align: justify;\">Regulamentar o imposto sobre grandes fortunas para coibir o d\u00e9ficit fiscal, nem pensar!<\/p>\n<p style=\"text-align: justify;\">Resultado da incompet\u00eancia, da ingenuidade e da desmoraliza\u00e7\u00e3o de setores da esquerda, que acharam que poderiam manter-se no poder utilizando-se dos meios tradicionais de financiamento eleitoral e da habilidade dos setores conservadores que souberam instrumentalizar o velho moralismo udenista em favor do retrocesso social, os tempos que se avizinham sinalizam significativa concentra\u00e7\u00e3o de rendas em favor do Capital sob os olhos at\u00f4nitos da classe trabalhadora.<\/p>\n<p style=\"text-align: justify;\">Embalado por essa tend\u00eancia, o SINEPE, sindicato representativo das institui\u00e7\u00f5es de ensino superior n\u00e3o se fez de rogado. Formulou proposta inusitada de \u201crecomposi\u00e7\u00e3o salarial\u201d: incid\u00eancia de \u00edndice de 8% sobre os sal\u00e1rios praticados no m\u00eas de fevereiro de 2015, retroativo ao m\u00eas de fevereiro de 2016 e recomposi\u00e7\u00e3o integral do INPC somente no m\u00eas de julho de 2016 (11,31% sobre os sal\u00e1rios praticados em fevereiro de 2015).<\/p>\n<p style=\"text-align: justify;\">O SINPROPAR, que representa os professores de ensino fundamental e m\u00e9dio em Curitiba e na regi\u00e3o metropolitana e o SAEPAR, porta-voz dos empregados n\u00e3o docentes j\u00e1 embarcaram na onda dos 8% sem maiores discuss\u00f5es com seus representados. Influenciados pelo marketing de pen\u00faria e esperteza adotado pelas institui\u00e7\u00f5es de ensino em todo o Brasil, diversos sindicatos de professores e de auxiliares de administra\u00e7\u00e3o escolar subscreveram esses reajustes diferenciados, alguns deles estabelecendo majora\u00e7\u00e3o salarial retroativa ao m\u00eas de mar\u00e7o de 2016 de apenas 6%, e INPC integral somente a partir de agosto de 2016.<\/p>\n<p style=\"text-align: justify;\">O SINPES ousa posicionar-se contra esta mar\u00e9 conservadora e, estimulado pelos sinais exteriores de riqueza que continuam sendo ostentados pelas institui\u00e7\u00f5es de ensino superior apesar da crise (algu\u00e9m n\u00e3o ouviu falar do \u201cDubai\u201d, o pr\u00e9dio megaloman\u00edaco que a FAE construiu em frente ao Col\u00e9gio Bom Jesus?), convoca a categoria dos professores do ensino superior para mobilizar-se contra o arrocho salarial.<\/p>\n<p style=\"text-align: justify;\">Institui\u00e7\u00f5es de Ensino de m\u00e9dio porte com clientela de baixo poder aquisitivo como as Faculdades Santa Cruz desmentem os tubar\u00f5es do ensino que comandam o SINEPE concedendo por sua conta e risco reajuste salarial de 11% a partir de fevereiro de 2016. Esse fato refor\u00e7a a disposi\u00e7\u00e3o pela luta contra os 8% oferecidos pelo SINEPE.<\/p>\n<p style=\"text-align: justify;\"><strong>Professores de Ensino Superior, compare\u00e7am \u00e0 Assembleia Geral da Categoria, a ser realizada no dia 17 de setembro de 2016, no Hotel Roochele \u00e0s 11h00min na Rua Tibagi, 307, para que possamos dar um basta ao sal\u00e1rio de fome proposto pelo SINEPE!<\/strong><\/p>\n<p style=\"text-align: justify;\"><strong>Todos \u00e0 assembleia contra o reajuste p\u00edfio de 8% oferecido pelos patr\u00f5es e pela reposi\u00e7\u00e3o integral da infla\u00e7\u00e3o e das hist\u00f3ricas defasagens sofridas pelos professores do ensino superior nos \u00faltimos tempos!<\/strong><\/p>\n<!-- AddThis Advanced Settings generic via filter on the_content --><!-- AddThis Share Buttons generic via filter on the_content -->","protected":false},"excerpt":{"rendered":"<p>Professor do Ensino Superior: Conclu\u00edda a ressaca c\u00edvica do impeachment, chegou a hora da FIESP e seus aliados, dos grandes conglomerados de imprensa e dos grupos conservadores<!-- AddThis Advanced Settings generic via filter on wp_trim_excerpt --><!-- AddThis Share Buttons generic via filter on wp_trim_excerpt --><\/p>\n","protected":false},"author":2,"featured_media":582,"comment_status":"closed","ping_status":"open","sticky":false,"template":"","format":"standard","meta":{"footnotes":""},"categories":[13,5],"tags":[60],"class_list":["post-910","post","type-post","status-publish","format-standard","has-post-thumbnail","hentry","category-home","category-sinpes","tag-assembleia-geral"],"_links":{"self":[{"href":"https:\/\/sinpes.org.br\/site\/wp-json\/wp\/v2\/posts\/910","targetHints":{"allow":["GET"]}}],"collection":[{"href":"https:\/\/sinpes.org.br\/site\/wp-json\/wp\/v2\/posts"}],"about":[{"href":"https:\/\/sinpes.org.br\/site\/wp-json\/wp\/v2\/types\/post"}],"author":[{"embeddable":true,"href":"https:\/\/sinpes.org.br\/site\/wp-json\/wp\/v2\/users\/2"}],"replies":[{"embeddable":true,"href":"https:\/\/sinpes.org.br\/site\/wp-json\/wp\/v2\/comments?post=910"}],"version-history":[{"count":1,"href":"https:\/\/sinpes.org.br\/site\/wp-json\/wp\/v2\/posts\/910\/revisions"}],"predecessor-version":[{"id":911,"href":"https:\/\/sinpes.org.br\/site\/wp-json\/wp\/v2\/posts\/910\/revisions\/911"}],"wp:featuredmedia":[{"embeddable":true,"href":"https:\/\/sinpes.org.br\/site\/wp-json\/wp\/v2\/media\/582"}],"wp:attachment":[{"href":"https:\/\/sinpes.org.br\/site\/wp-json\/wp\/v2\/media?parent=910"}],"wp:term":[{"taxonomy":"category","embeddable":true,"href":"https:\/\/sinpes.org.br\/site\/wp-json\/wp\/v2\/categories?post=910"},{"taxonomy":"post_tag","embeddable":true,"href":"https:\/\/sinpes.org.br\/site\/wp-json\/wp\/v2\/tags?post=910"}],"curies":[{"name":"wp","href":"https:\/\/api.w.org\/{rel}","templated":true}]}}