{"id":874,"date":"2016-07-14T23:43:34","date_gmt":"2016-07-15T02:43:34","guid":{"rendered":"http:\/\/sinpes.org.br\/site\/?p=874"},"modified":"2016-08-12T14:09:14","modified_gmt":"2016-08-12T17:09:14","slug":"audiencia-de-tentativa-de-conciliacao-ao-vivo-sinpes-x-puc","status":"publish","type":"post","link":"https:\/\/sinpes.org.br\/site\/audiencia-de-tentativa-de-conciliacao-ao-vivo-sinpes-x-puc\/","title":{"rendered":"AUDI\u00caNCIA DE TENTATIVA DE CONCILIA\u00c7\u00c3O AO VIVO &#8211; SINPES X PUC"},"content":{"rendered":"<p>AUDI\u00caNCIA DE TENTATIVA DE CONCILIA\u00c7\u00c3O AO VIVO &#8211; SINPES X PUC<br \/>\nA\u00c7\u00c3O DISS\u00cdDIO COLETIVO &#8211; DC 0000809-57.2016.5.09.0000<\/p>\n<div class=\"epyt-video-wrapper\"><iframe loading=\"lazy\"  style=\"display: block; margin: 0px auto;\"  id=\"_ytid_96172\"  width=\"480\" height=\"270\"  data-origwidth=\"480\" data-origheight=\"270\" src=\"https:\/\/www.youtube.com\/embed\/_UHLrg7C0vg?enablejsapi=1&autoplay=1&cc_load_policy=0&cc_lang_pref=&iv_load_policy=1&loop=0&rel=1&fs=1&playsinline=0&autohide=2&theme=dark&color=red&controls=1&disablekb=0&\" class=\"__youtube_prefs__  no-lazyload\" title=\"YouTube player\"  allow=\"fullscreen; accelerometer; autoplay; clipboard-write; encrypted-media; gyroscope; picture-in-picture; web-share\" referrerpolicy=\"strict-origin-when-cross-origin\" allowfullscreen data-no-lazy=\"1\" data-skipgform_ajax_framebjll=\"\"><\/iframe><\/div>\n<p>&nbsp;<\/p>\n<hr \/>\n<p>&nbsp;<\/p>\n<p><a class=\"fasc-button fasc-size-medium fasc-type-glossy fasc-rounded-medium fasc-ico-before dashicons-admin-links\" style=\"background-color: #33809e; color: #ffffff;\" href=\"http:\/\/sinpes.org.br\/site\/wp-content\/uploads\/2016\/08\/23.06.2016.Ata-de-Audiencia-de-Tentativa-de-Conciliacao-Acao-Dissidio-Coletivo-Sinpes-X-PUC-TRT9.pdf\" target=\"_blank\" data-fasc-style=\"background-color:#33809e;color:#ffffff;\">23.06.2016.Ata de Audi\u00eancia de Tentativa de Concilia\u00e7\u00e3o &#8211; A\u00e7\u00e3o Diss\u00eddio Coletivo &#8211; Sinpes X PUC &#8211; TRT9<\/a><\/p>\n<p><a class=\"fasc-button fasc-size-medium fasc-type-glossy fasc-rounded-medium fasc-ico-before dashicons-admin-links\" style=\"background-color: #33809e; color: #ffffff;\" href=\"http:\/\/sinpes.org.br\/site\/wp-content\/uploads\/2016\/08\/24.06.2016.Ata-de-Audiencia-de-Tentativa-de-Conciliacao-Liminar-Diretoria-Sinpes-X-PUC.pdf\" target=\"_blank\" data-fasc-style=\"background-color:#33809e;color:#ffffff;\">24.06.2016.Ata de Audi\u00eancia de Tentativa de Concilia\u00e7\u00e3o &#8211; Liminar &#8211; Diretoria Sinpes X Puc &#8211; 1\u00aa VT Curitiba<\/a><\/p>\n<p><a class=\"fasc-button fasc-size-medium fasc-type-glossy fasc-rounded-medium fasc-ico-before dashicons-admin-links\" style=\"background-color: #33809e; color: #ffffff;\" href=\"http:\/\/sinpes.org.br\/site\/wp-content\/uploads\/2016\/08\/28.06.2016.Ata-de-Audiencia-de-Tentativa-de-Conciliacao-Liminar-Diretoria-Sinpes-X-PUC.pdf\" target=\"_blank\" data-fasc-style=\"background-color:#33809e;color:#ffffff;\">28.06.2016.Ata de Audi\u00eancia de Tentativa de Concilia\u00e7\u00e3o &#8211; Liminar &#8211; Diretoria Sinpes X Puc &#8211; 1\u00aa VT Curitiba<\/a><\/p>\n<!-- AddThis Advanced Settings generic via filter on the_content --><!-- AddThis Share Buttons generic via filter on the_content -->","protected":false},"excerpt":{"rendered":"<p>AUDI\u00caNCIA DE TENTATIVA DE CONCILIA\u00c7\u00c3O AO VIVO &#8211; SINPES X PUC A\u00c7\u00c3O DISS\u00cdDIO COLETIVO &#8211; DC 0000809-57.2016.5.09.0000 &nbsp; &nbsp; 23.06.2016.Ata de Audi\u00eancia de Tentativa de Concilia\u00e7\u00e3o &#8211; A\u00e7\u00e3o Diss\u00eddio Coletivo &#8211; Sinpes X PUC &#8211; TRT9 24.06.2016.Ata de Audi\u00eancia de Tentativa de Concilia\u00e7\u00e3o &#8211; Liminar &#8211; Diretoria Sinpes X Puc &#8211; 1\u00aa VT Curitiba 28.06.2016.Ata [&hellip;]<!-- AddThis Advanced Settings generic via filter on wp_trim_excerpt --><!-- AddThis Share Buttons generic via filter on wp_trim_excerpt --><\/p>\n","protected":false},"author":2,"featured_media":0,"comment_status":"closed","ping_status":"closed","sticky":false,"template":"","format":"standard","meta":{"footnotes":""},"categories":[5],"tags":[149,61,150],"class_list":["post-874","post","type-post","status-publish","format-standard","hentry","category-sinpes","tag-audiencia-ao-vivo","tag-puc","tag-transmissao"],"_links":{"self":[{"href":"https:\/\/sinpes.org.br\/site\/wp-json\/wp\/v2\/posts\/874","targetHints":{"allow":["GET"]}}],"collection":[{"href":"https:\/\/sinpes.org.br\/site\/wp-json\/wp\/v2\/posts"}],"about":[{"href":"https:\/\/sinpes.org.br\/site\/wp-json\/wp\/v2\/types\/post"}],"author":[{"embeddable":true,"href":"https:\/\/sinpes.org.br\/site\/wp-json\/wp\/v2\/users\/2"}],"replies":[{"embeddable":true,"href":"https:\/\/sinpes.org.br\/site\/wp-json\/wp\/v2\/comments?post=874"}],"version-history":[{"count":5,"href":"https:\/\/sinpes.org.br\/site\/wp-json\/wp\/v2\/posts\/874\/revisions"}],"predecessor-version":[{"id":899,"href":"https:\/\/sinpes.org.br\/site\/wp-json\/wp\/v2\/posts\/874\/revisions\/899"}],"wp:attachment":[{"href":"https:\/\/sinpes.org.br\/site\/wp-json\/wp\/v2\/media?parent=874"}],"wp:term":[{"taxonomy":"category","embeddable":true,"href":"https:\/\/sinpes.org.br\/site\/wp-json\/wp\/v2\/categories?post=874"},{"taxonomy":"post_tag","embeddable":true,"href":"https:\/\/sinpes.org.br\/site\/wp-json\/wp\/v2\/tags?post=874"}],"curies":[{"name":"wp","href":"https:\/\/api.w.org\/{rel}","templated":true}]}}