{"id":864,"date":"2016-06-13T16:50:03","date_gmt":"2016-06-13T19:50:03","guid":{"rendered":"http:\/\/sinpes.org.br\/site\/?p=864"},"modified":"2016-06-13T16:50:03","modified_gmt":"2016-06-13T19:50:03","slug":"professores-da-faculdade-spei-nao-recebem-salarios-em-dia-e-cenario-preocupa-docentes","status":"publish","type":"post","link":"https:\/\/sinpes.org.br\/site\/professores-da-faculdade-spei-nao-recebem-salarios-em-dia-e-cenario-preocupa-docentes\/","title":{"rendered":"Professores da Faculdade Spei n\u00e3o Recebem Sal\u00e1rios em Dia e Cen\u00e1rio Preocupa Docentes"},"content":{"rendered":"<p style=\"text-align: justify;\">Os professores da Sociedade Paranaense de Ensino e Inform\u00e1tica \u2013 SPEI &#8211; t\u00eam esperado mais de 15 dias ap\u00f3s a data de pagamento para receber seus sal\u00e1rios o que vem causando grande preocupa\u00e7\u00e3o. Al\u00e9m disso, a faculdade n\u00e3o vem recolhendo o FGTS de seus docentes.<\/p>\n<p style=\"text-align: justify;\">O cen\u00e1rio \u00e9 preocupante. A gest\u00e3o anterior da Universidade j\u00e1 n\u00e3o efetuava o pagamento dos sal\u00e1rios em dia, situa\u00e7\u00e3o essa que perdura por mais de um ano. O Sinpes recebeu informa\u00e7\u00f5es de que acerca de 3 semanas a Institui\u00e7\u00e3o foi comprada e o novo grupo tamb\u00e9m n\u00e3o efetuou o pagamento dos sal\u00e1rios at\u00e9 a presente data.<\/p>\n<p style=\"text-align: justify;\">O investidor que teria adquirido a SPEI seria o mesmo que adquiriu a FACEL e j\u00e1 causou muitos problemas trabalhistas para os professores daquela Institui\u00e7\u00e3o de Ensino superior.<\/p>\n<p style=\"text-align: justify;\">Os professores v\u00e3o em busca de explica\u00e7\u00f5es referentes aos atrasos salariais, por\u00e9m, a gest\u00e3o se omite. O Sindicato defende que a Institui\u00e7\u00e3o de Ensino deve estar sempre pautada pelo princ\u00edpio da boa-f\u00e9 e pelo respeito \u00e0 educa\u00e7\u00e3o, o que n\u00e3o acontece h\u00e1 algum tempo na SPEI.<\/p>\n<p style=\"text-align: justify;\">Diante deste quadro encontra-se esgotada a paci\u00eancia dos professores. Os alunos tamb\u00e9m est\u00e3o sendo profundamente prejudicados pela situa\u00e7\u00e3o dado o conturbado ambiente organizacional decorrente do n\u00e3o cumprimento das leis trabalhistas. Em meio a todo esse caos e com a semana de provas se aproximando, os docentes receiam aplicar as provas, lan\u00e7ar as notas e simplesmente n\u00e3o receberem de vez pelos seus trabalhos.<\/p>\n<p style=\"text-align: justify;\">Dessa forma, o <strong>Sinpes <\/strong><strong>(Sindicato dos Professores de Ensino Superior de Curitiba) <\/strong><strong>convoca os professores da SPEI para Assembleia Geral a ser realizada no dia 18 de junho de 2016, \u00e0s 11h00min, no Hotel Roochele, situado \u00e0 Rua Tibagi, n\u00ba 307, para a ado\u00e7\u00e3o de provid\u00eancias a respeito do atraso salarial sofrido pelos docentes, que podem ir desde a reten\u00e7\u00e3o de notas bimestrais e n\u00e3o realiza\u00e7\u00e3o de provas finais at\u00e9 a deflagra\u00e7\u00e3o de greve por tempo indeterminado. <\/strong><\/p>\n<p style=\"text-align: justify;\"><strong>Com direito \u00e0 voz, mas n\u00e3o a voto, s\u00e3o bem-vindos tamb\u00e9m os empregados n\u00e3o docentes desde que n\u00e3o sejam espi\u00f5es do empregador e os alunos da institui\u00e7\u00e3o, sempre solid\u00e1rios com os seus professores quando os mesmos s\u00e3o desrespeitados como ocorre neste momento. <\/strong><\/p>\n<p style=\"text-align: justify;\"><strong>\u00a0\u00a0\u00a0\u00a0\u00a0\u00a0\u00a0\u00a0\u00a0\u00a0\u00a0 TODOS \u00c0 ASSEMBLEIA DO DIA 18 DE JUNHO!<\/strong><\/p>\n<!-- AddThis Advanced Settings generic via filter on the_content --><!-- AddThis Share Buttons generic via filter on the_content -->","protected":false},"excerpt":{"rendered":"<p>Os professores da Sociedade Paranaense de Ensino e Inform\u00e1tica \u2013 SPEI &#8211; t\u00eam esperado mais de 15 dias ap\u00f3s a data de pagamento para receber seus sal\u00e1rios o que vem causando grande preocupa\u00e7\u00e3o. Al\u00e9m disso, a faculdade n\u00e3o vem recolhendo o FGTS de seus docentes. O cen\u00e1rio \u00e9 preocupante. A gest\u00e3o anterior da Universidade j\u00e1 [&hellip;]<!-- AddThis Advanced Settings generic via filter on wp_trim_excerpt --><!-- AddThis Share Buttons generic via filter on wp_trim_excerpt --><\/p>\n","protected":false},"author":2,"featured_media":0,"comment_status":"closed","ping_status":"open","sticky":false,"template":"","format":"standard","meta":{"footnotes":""},"categories":[18,147],"tags":[87,148],"class_list":["post-864","post","type-post","status-publish","format-standard","hentry","category-destaque","category-spei","tag-atraso-salarial","tag-spei"],"_links":{"self":[{"href":"https:\/\/sinpes.org.br\/site\/wp-json\/wp\/v2\/posts\/864","targetHints":{"allow":["GET"]}}],"collection":[{"href":"https:\/\/sinpes.org.br\/site\/wp-json\/wp\/v2\/posts"}],"about":[{"href":"https:\/\/sinpes.org.br\/site\/wp-json\/wp\/v2\/types\/post"}],"author":[{"embeddable":true,"href":"https:\/\/sinpes.org.br\/site\/wp-json\/wp\/v2\/users\/2"}],"replies":[{"embeddable":true,"href":"https:\/\/sinpes.org.br\/site\/wp-json\/wp\/v2\/comments?post=864"}],"version-history":[{"count":1,"href":"https:\/\/sinpes.org.br\/site\/wp-json\/wp\/v2\/posts\/864\/revisions"}],"predecessor-version":[{"id":865,"href":"https:\/\/sinpes.org.br\/site\/wp-json\/wp\/v2\/posts\/864\/revisions\/865"}],"wp:attachment":[{"href":"https:\/\/sinpes.org.br\/site\/wp-json\/wp\/v2\/media?parent=864"}],"wp:term":[{"taxonomy":"category","embeddable":true,"href":"https:\/\/sinpes.org.br\/site\/wp-json\/wp\/v2\/categories?post=864"},{"taxonomy":"post_tag","embeddable":true,"href":"https:\/\/sinpes.org.br\/site\/wp-json\/wp\/v2\/tags?post=864"}],"curies":[{"name":"wp","href":"https:\/\/api.w.org\/{rel}","templated":true}]}}