{"id":857,"date":"2016-06-13T15:46:56","date_gmt":"2016-06-13T18:46:56","guid":{"rendered":"http:\/\/sinpes.org.br\/site\/?p=857"},"modified":"2016-06-13T15:48:55","modified_gmt":"2016-06-13T18:48:55","slug":"puc-imputa-faltas-gravissimas-aos-professores-afastados","status":"publish","type":"post","link":"https:\/\/sinpes.org.br\/site\/puc-imputa-faltas-gravissimas-aos-professores-afastados\/","title":{"rendered":"PUC Imputa Faltas Grav\u00edssimas aos Professores Afastados"},"content":{"rendered":"<p style=\"text-align: justify;\">Todos os professores afastados (at\u00e9 o Professor Perrini, que rescindiu indiretamente seu contrato de trabalho) foram oficialmente suspensos agora sob a imputa\u00e7\u00e3o de grav\u00edssimas faltas graves. As comunica\u00e7\u00f5es s\u00e3o id\u00eanticas para todos:<\/p>\n<p style=\"text-align: justify;\"><img loading=\"lazy\" decoding=\"async\" class=\"aligncenter wp-image-858\" src=\"http:\/\/sinpes.org.br\/site\/wp-content\/uploads\/2016\/06\/puc-faltas-gravissimas-725x1024.png\" alt=\"puc-faltas-gravissimas\" width=\"600\" height=\"847\" \/><\/p>\n<p style=\"text-align: justify;\">Eis o que diz a CLT sobre a conduta atribu\u00edda aos professores:<\/p>\n<p style=\"text-align: justify;\">Art. 482 &#8211; Constituem justa causa para rescis\u00e3o do contrato de trabalho pelo empregador:<\/p>\n<ol style=\"text-align: justify;\">\n<li>a) ato de improbidade;<\/li>\n<li>b) incontin\u00eancia de conduta ou mau procedimento&#8230;<\/li>\n<li>h) ato de indisciplina ou de insubordina\u00e7\u00e3o;<\/li>\n<li>k) ato lesivo da honra ou da boa fama ou ofensas f\u00edsicas praticadas contra o empregador e superiores hier\u00e1rquicos, salvo em caso de leg\u00edtima defesa, pr\u00f3pria ou de outrem;<\/li>\n<\/ol>\n<p style=\"text-align: justify;\">COM A PALAVRA PAPA FRANCISCO:<\/p>\n<p style=\"text-align: justify;\">\u201cO NOSSO POVO PERDOA MUITOS DEFEITOS NOS PADRES, EXCETO O DE SEREM AGARRADOS AO DINHEIRO\u201d.<\/p>\n<p style=\"text-align: justify;\">Na terceira medita\u00e7\u00e3o dessa tarde o Papa Francisco refletiu sobre\u00a0as obras de miseric\u00f3rdia na sua dimens\u00e3o social, no amor pelos pobres, na postura do sacerdote no confession\u00e1rio.<\/p>\n<p style=\"text-align: justify;\">Dessa vez a medita\u00e7\u00e3o foi na Bas\u00edlica S\u00e3o Paulo fora-dos-muros.<\/p>\n<p style=\"text-align: justify;\">Perd\u00e3o<\/p>\n<p style=\"text-align: justify;\">\u201cO nosso povo perdoa muitos defeitos nos padres, exceto o de serem agarrados ao dinheiro. E n\u00e3o \u00e9 tanto pela riqueza em si, mas porque o dinheiro nos faz perder a riqueza da miseric\u00f3rdia. O nosso povo pressente os pecados que s\u00e3o graves para o pastor, que matam o seu minist\u00e9rio porque o transformam num funcion\u00e1rio ou, pior, num mercen\u00e1rio, e, diversamente, os pecados que s\u00e3o, n\u00e3o diria secund\u00e1rios, mas poss\u00edveis de suportar, carregar como uma cruz, at\u00e9 que o Senhor finalmente os purifique, como far\u00e1 com a ciz\u00e2nia. Ao contr\u00e1rio, o que atenta contra a miseric\u00f3rdia \u00e9 uma contradi\u00e7\u00e3o principal: atenta contra o dinamismo da salva\u00e7\u00e3o, contra Cristo que \u00abSe fez pobre para nos enriquecer com a sua pobreza\u201d.<\/p>\n<p style=\"text-align: justify;\">DICION\u00c1RIO HOUAISS:<\/p>\n<p style=\"text-align: justify;\">IMPROBIDADE = 1.\u00a0aus\u00eancia de probidade; desonestidade; 2.\u00a0a\u00e7\u00e3o m\u00e1, perversa; maldade, perversidade.<\/p>\n<p style=\"text-align: justify;\">INCONTIN\u00caNCIA = 1. falta de comedimento nos gestos, palavras, atos, sentimentos etc.; imodera\u00e7\u00e3o, descomedimento, intemperan\u00e7a &#8211;\u00a0<em>\u2039\u00a0i. afetiva\u00a0\u203a \u2039\u00a0i. verbal\u00a0\u203a<\/em> 2.\u00a0falta de contin\u00eancia, de comedimento nos prazeres sexuais; lux\u00faria, sensualidade, impudic\u00edcia&#8230;<\/p>\n<p style=\"text-align: justify;\">INDISCIPLINA = 1.\u00a0falta de disciplina; desobedi\u00eancia, insubordina\u00e7\u00e3o, rebeldia <em>\u2039\u00a0comportamento marcado pela i.\u00a0\u203a <\/em>1.1.\u00a0viola\u00e7\u00e3o de regras ou ordens impostas pelo empregador ou por seus prepostos, podendo ser justificativa para a demiss\u00e3o do trabalhador por justa causa; insubordina\u00e7\u00e3o.<\/p>\n<!-- AddThis Advanced Settings generic via filter on the_content --><!-- AddThis Share Buttons generic via filter on the_content -->","protected":false},"excerpt":{"rendered":"<p>Todos os professores afastados (at\u00e9 o Professor Perrini, que rescindiu indiretamente seu contrato de trabalho) foram oficialmente suspensos agora sob a imputa\u00e7\u00e3o de grav\u00edssimas faltas graves. As comunica\u00e7\u00f5es s\u00e3o id\u00eanticas para todos: Eis o que diz a CLT sobre a conduta atribu\u00edda aos professores: Art. 482 &#8211; Constituem justa causa para rescis\u00e3o do contrato de [&hellip;]<!-- AddThis Advanced Settings generic via filter on wp_trim_excerpt --><!-- AddThis Share Buttons generic via filter on wp_trim_excerpt --><\/p>\n","protected":false},"author":2,"featured_media":0,"comment_status":"closed","ping_status":"open","sticky":false,"template":"","format":"standard","meta":{"footnotes":""},"categories":[18,2],"tags":[146,61],"class_list":["post-857","post","type-post","status-publish","format-standard","hentry","category-destaque","category-puc","tag-faltas-gravissimas","tag-puc"],"_links":{"self":[{"href":"https:\/\/sinpes.org.br\/site\/wp-json\/wp\/v2\/posts\/857","targetHints":{"allow":["GET"]}}],"collection":[{"href":"https:\/\/sinpes.org.br\/site\/wp-json\/wp\/v2\/posts"}],"about":[{"href":"https:\/\/sinpes.org.br\/site\/wp-json\/wp\/v2\/types\/post"}],"author":[{"embeddable":true,"href":"https:\/\/sinpes.org.br\/site\/wp-json\/wp\/v2\/users\/2"}],"replies":[{"embeddable":true,"href":"https:\/\/sinpes.org.br\/site\/wp-json\/wp\/v2\/comments?post=857"}],"version-history":[{"count":4,"href":"https:\/\/sinpes.org.br\/site\/wp-json\/wp\/v2\/posts\/857\/revisions"}],"predecessor-version":[{"id":863,"href":"https:\/\/sinpes.org.br\/site\/wp-json\/wp\/v2\/posts\/857\/revisions\/863"}],"wp:attachment":[{"href":"https:\/\/sinpes.org.br\/site\/wp-json\/wp\/v2\/media?parent=857"}],"wp:term":[{"taxonomy":"category","embeddable":true,"href":"https:\/\/sinpes.org.br\/site\/wp-json\/wp\/v2\/categories?post=857"},{"taxonomy":"post_tag","embeddable":true,"href":"https:\/\/sinpes.org.br\/site\/wp-json\/wp\/v2\/tags?post=857"}],"curies":[{"name":"wp","href":"https:\/\/api.w.org\/{rel}","templated":true}]}}