{"id":83,"date":"2014-05-13T23:38:15","date_gmt":"2014-05-14T02:38:15","guid":{"rendered":"http:\/\/sinpes.org.br\/site\/?p=83"},"modified":"2015-10-29T16:24:33","modified_gmt":"2015-10-29T18:24:33","slug":"sinpes-negocia-ampliacao-de-licenca-maternidade-com-garantia-parcial-de-salarios-para-professoras","status":"publish","type":"post","link":"https:\/\/sinpes.org.br\/site\/sinpes-negocia-ampliacao-de-licenca-maternidade-com-garantia-parcial-de-salarios-para-professoras\/","title":{"rendered":"Sinpes negocia amplia\u00e7\u00e3o de licen\u00e7a maternidade com garantia parcial de sal\u00e1rios para professoras"},"content":{"rendered":"<p class=\"style7\" style=\"text-align: justify;\" align=\"center\">SINPES marca nova assembleia para discutir a renova\u00e7\u00e3o da conven\u00e7\u00e3o coletiva,<br \/>\na amplia\u00e7\u00e3o da licen\u00e7a maternidade e a deflagra\u00e7\u00e3o de greve geral<\/p>\n<p style=\"text-align: justify;\">O Sinpes quer saber das professoras e dos professores do ensino superior <strong>se o m\u00eas de maio de 2014 pode ou n\u00e3o<\/strong> trazer boas not\u00edcias para as futuras mam\u00e3es e ser um marco para a conquista de novos direitos para as mulheres.<\/p>\n<p style=\"text-align: justify;\">Para isto pretende aprofundar as discuss\u00f5es sobre a proposta do Sindicato das Escolas Particulares que prev\u00ea a amplia\u00e7\u00e3o da garantia de emprego e do per\u00edodo de licen\u00e7a \u00e0 maternidade da gestante, estabelecendo em contrapartida, remunera\u00e7\u00e3o pela metade da parte ampliada da licen\u00e7a.<\/p>\n<p style=\"text-align: justify;\">O assunto foi debatido entre os professores (90% homens entre os presentes) na \u00faltima assembleia realizada no m\u00eas de abril. De acordo com o teor da cl\u00e1usula em debate a amplia\u00e7\u00e3o estaria condicionada <strong>ao consenso entre a institui\u00e7\u00e3o de ensino empregadora e a professora gestante e ao respeito aos seguintes itens:<\/strong><\/p>\n<blockquote><p><strong>a) libera\u00e7\u00e3o da professora de seu dever de prestar trabalho a partir do dia seguinte ao t\u00e9rmino da licen\u00e7a maternidade at\u00e9 o in\u00edcio do semestre letivo subsequente;<\/strong><\/p>\n<p><strong>b) garantia de pagamento mensal pelo per\u00edodo referido na letra \u201ca\u201d em montante nunca inferior a 50% (cinquenta por cento) do sal\u00e1rio anteriormente percebido;<\/strong><\/p>\n<p><strong>c) garantia \u00e0 professora de retorno \u00e0s suas atividades normais no semestre letivo subsequente;<\/strong><\/p>\n<p><strong>d) garantia de emprego at\u00e9 o t\u00e9rmino do semestre subsequente<\/strong><\/p><\/blockquote>\n<p style=\"text-align: justify;\">Dado o percentual \u00ednfimo de mulheres que compareceram \u00e0 assembleia da categoria os docentes presentes entenderam que era conveniente ampliar a discuss\u00e3o. Julgaram que deve ser sopesado que apesar da concord\u00e2ncia da professora m\u00e3e, existe a possibilidade de press\u00e3o de empregadores inescrupulosos interessados em postergar o retorno da professora, fato que minimiza a relev\u00e2ncia do consentimento da empregada. Tamb\u00e9m a responsabiliza\u00e7\u00e3o patronal por apenas metade do sal\u00e1rio-maternidade auferido ap\u00f3s os 120 dias do benef\u00edcio legal \u00e9 quest\u00e3o que merece aprofundado debate.<\/p>\n<p style=\"text-align: justify;\">O Sinpes quer ouvir mais opini\u00f5es femininas e masculinas acerca do tema, da possibilidade de no caso de ser rejeitada esta proposta, a conven\u00e7\u00e3o coletiva ser fechada com reajuste de apenas 5,39%, como querem os patr\u00f5es e da conveni\u00eancia de ser deflagrada greve da categoria voltada para sensibilizar a classe patronal a fazer mais concess\u00f5es na negocia\u00e7\u00e3o.<\/p>\n<p style=\"text-align: justify;\"><strong>Sugest\u00f5es podem ser encaminhadas nas urnas distribu\u00eddas nas principais institui\u00e7\u00f5es de ensino (que permitiram este procedimento), pelo e-mail <a href=\"mailto:sinpes@sinpes.org.br\">sinpes@sinpes.org.br<\/a> e na assembleia geral da categoria, marcada para o dia 24 de maio de 2014, \u00e0s 15h00min, na APP Sindicato &#8211; Rua Igua\u00e7u 880, sal\u00e3o multifuncional. TODOS \u00c0 ASSEMBLEIA!<\/strong><\/p>\n<p style=\"text-align: justify;\">\n<hr \/>\n<p style=\"text-align: justify;\">\n<p style=\"text-align: justify;\">\n<h3>DEIXE AQUI A SUA OPINI\u00c3O!<\/h3>\n<p><strong><span style=\"color: #ff0000;\">ATEN\u00c7\u00c3O! Voc\u00ea n\u00e3o precisa se identificar!<\/span><\/strong><br \/>\n<strong><span style=\"color: #ff0000;\"> O preenchimento de todos os campos abaixo n\u00e3o \u00e9 obrigat\u00f3rio!<\/span><\/strong><\/p>\n<p class=\"style10\">Sua opini\u00e3o sobre o tema e seu voto s\u00e3o importantes para legitimar a posi\u00e7\u00e3o do SINPES nas negocia\u00e7\u00f5es e at\u00e9 mesmo municiar a Diretoria para eventual contraproposta.<\/p>\n<p class=\"style10\"><strong>Encaminhe sua opini\u00e3o sobre o tema que ser\u00e1 objeto de discuss\u00e3o preenchendo os campos abaixo:<\/strong><\/p>\n<p class=\"style10\">[gravityform id=&#8221;2&#8243; name=&#8221;Licen\u00e7a Maternidade&#8221; title=&#8221;false&#8221; description=&#8221;false&#8221;]<\/p>\n<p style=\"text-align: justify;\">\n<!-- AddThis Advanced Settings generic via filter on the_content --><!-- AddThis Share Buttons generic via filter on the_content -->","protected":false},"excerpt":{"rendered":"<p>SINPES marca nova assembleia para discutir a renova\u00e7\u00e3o da conven\u00e7\u00e3o coletiva, a amplia\u00e7\u00e3o da licen\u00e7a maternidade e a deflagra\u00e7\u00e3o de greve geral O Sinpes quer saber das professoras e dos professores do ensino superior se o m\u00eas de maio de 2014 pode ou n\u00e3o trazer boas not\u00edcias para as futuras mam\u00e3es e ser um marco [&hellip;]<!-- AddThis Advanced Settings generic via filter on wp_trim_excerpt --><!-- AddThis Share Buttons generic via filter on wp_trim_excerpt --><\/p>\n","protected":false},"author":2,"featured_media":0,"comment_status":"closed","ping_status":"open","sticky":false,"template":"","format":"standard","meta":{"footnotes":""},"categories":[5],"tags":[97,98,58,62],"class_list":["post-83","post","type-post","status-publish","format-standard","hentry","category-sinpes","tag-licenca-maternidade","tag-professoras","tag-salario","tag-sinpes"],"_links":{"self":[{"href":"https:\/\/sinpes.org.br\/site\/wp-json\/wp\/v2\/posts\/83","targetHints":{"allow":["GET"]}}],"collection":[{"href":"https:\/\/sinpes.org.br\/site\/wp-json\/wp\/v2\/posts"}],"about":[{"href":"https:\/\/sinpes.org.br\/site\/wp-json\/wp\/v2\/types\/post"}],"author":[{"embeddable":true,"href":"https:\/\/sinpes.org.br\/site\/wp-json\/wp\/v2\/users\/2"}],"replies":[{"embeddable":true,"href":"https:\/\/sinpes.org.br\/site\/wp-json\/wp\/v2\/comments?post=83"}],"version-history":[{"count":2,"href":"https:\/\/sinpes.org.br\/site\/wp-json\/wp\/v2\/posts\/83\/revisions"}],"predecessor-version":[{"id":93,"href":"https:\/\/sinpes.org.br\/site\/wp-json\/wp\/v2\/posts\/83\/revisions\/93"}],"wp:attachment":[{"href":"https:\/\/sinpes.org.br\/site\/wp-json\/wp\/v2\/media?parent=83"}],"wp:term":[{"taxonomy":"category","embeddable":true,"href":"https:\/\/sinpes.org.br\/site\/wp-json\/wp\/v2\/categories?post=83"},{"taxonomy":"post_tag","embeddable":true,"href":"https:\/\/sinpes.org.br\/site\/wp-json\/wp\/v2\/tags?post=83"}],"curies":[{"name":"wp","href":"https:\/\/api.w.org\/{rel}","templated":true}]}}