{"id":808,"date":"2016-03-22T15:12:07","date_gmt":"2016-03-22T18:12:07","guid":{"rendered":"http:\/\/sinpes.org.br\/site\/?p=808"},"modified":"2016-03-22T15:14:33","modified_gmt":"2016-03-22T18:14:33","slug":"sinpes-nao-aceita-crise-como-desculpa-e-luta-por-reajuste-salarial-digno","status":"publish","type":"post","link":"https:\/\/sinpes.org.br\/site\/sinpes-nao-aceita-crise-como-desculpa-e-luta-por-reajuste-salarial-digno\/","title":{"rendered":"Sinpes n\u00e3o Aceita Crise como Desculpa e Luta por Reajuste Salarial Digno"},"content":{"rendered":"<p style=\"text-align: justify;\">Ano letivo novo, velhos problemas. Parece que o descompasso entre o aumento das mensalidades escolares e os sal\u00e1rios dos professores ainda est\u00e1 longe de terminar. A situa\u00e7\u00e3o ficou mais preocupante nesses tempos de crise.<\/p>\n<p style=\"text-align: justify;\"><!--more-->O Sinpes (Sindicato dos Professores do Ensino Superior de Curitiba e da Regi\u00e3o Metropolitana) vem lutando incessantemente para equacionar essa quest\u00e3o. E conta com a mobiliza\u00e7\u00e3o da categoria para ser bem-sucedido nesta empreitada.<\/p>\n<p style=\"text-align: justify;\">O reajuste salarial da categoria deveria ter ocorrido em fevereiro de 2016 e o ponto de partida para as negocia\u00e7\u00f5es \u00e9 o INPC (\u00cdndice Nacional de Pre\u00e7os ao Consumidor) acumulado de 12 meses, entre fevereiro de 2015 e janeiro de 2016, que foi de 11,31%.<\/p>\n<p style=\"text-align: justify;\">As negocia\u00e7\u00f5es est\u00e3o incipientes, mas a orienta\u00e7\u00e3o dada pelo SINEPE aos estabelecimentos de ensino, de \u201cadiantamento\u201d de irris\u00f3rios 6%, bem evidencia uma postura patronal insens\u00edvel e intransigente.<\/p>\n<p style=\"text-align: justify;\">Algumas institui\u00e7\u00f5es de ensino, percebendo a insensatez da orienta\u00e7\u00e3o, divergiram da orienta\u00e7\u00e3o do sindicato patronal. A Universidade Tuiuti, por exemplo, que n\u00e3o integra o n\u00facleo duro decis\u00f3rio do SINEPE, j\u00e1 adiantou 8% para os professores.<\/p>\n<p style=\"text-align: justify;\">N\u00e3o \u00e9 de hoje que esta entidade sindical patronal vem agindo de forma discriminat\u00f3ria e provocadora para com o brio dos professores do Ensino Superior. No ano passado, o SINEPE ofereceu 8% de reajuste para os professores de ensino b\u00e1sico e m\u00e9dio e para todos os auxiliares de administra\u00e7\u00e3o escolar, a partir de 01 de mar\u00e7o de 2015, em negocia\u00e7\u00e3o realizada com o SINPROPAR e o SAAEPAR. E queria conceder apenas e t\u00e3o somente 7,5% para os docentes do Ensino Superior. Depois de muito barulho, chegamos a um consenso salom\u00f4nico de 7,75%, que ficou muito aqu\u00e9m dos reajustes praticados nas mensalidades escolares.<\/p>\n<p style=\"text-align: justify;\">A crise econ\u00f4mica n\u00e3o \u00e9 argumento para a pr\u00e1tica de reajustes salariais p\u00edfios, haja vista os valores m\u00e9dios de reajustes dos valores cobrados dos alunos e os sinais ostensivos de riqueza apresentados no seio da categoria patronal.<\/p>\n<p style=\"text-align: justify;\">Imperiosa a mobiliza\u00e7\u00e3o da categoria para persuadir os empregadores a concordarem com um reajuste condigno, dando um basta \u00e0s migalhas anualmente oferecidas.<\/p>\n<p style=\"text-align: justify;\"><strong>O Sinpes convoca todos os professores do Ensino Superior de Curitiba e Regi\u00e3o Metropolitana para participarem da pr\u00f3xima assembleia da categoria, no dia 09 de abril de 2016, \u00e0s 11 horas, no Hotel Roochelle \u2013 Rua Tibagi, 307, Centro, em que ser\u00e1 votada a pauta de reivindica\u00e7\u00f5es para a celebra\u00e7\u00e3o de conven\u00e7\u00e3o coletiva do per\u00edodo 2015\/2016, inclusive com discuss\u00e3o de reajuste salarial retroativo ao m\u00eas de fevereiro de 2016.<\/strong><\/p>\n<p style=\"text-align: justify;\"><strong>CHEGOU A HORA DE CONQUISTARMOS NA LUTA O RESPEITO E MELHORES CONDI\u00c7\u00d5ES DE TRABALHO E DE REMUNERA\u00c7\u00c3O!<\/strong><\/p>\n<!-- AddThis Advanced Settings generic via filter on the_content --><!-- AddThis Share Buttons generic via filter on the_content -->","protected":false},"excerpt":{"rendered":"<p>Ano letivo novo, velhos problemas. Parece que o descompasso entre o aumento das mensalidades escolares e os sal\u00e1rios dos professores ainda est\u00e1 longe de terminar. A situa\u00e7\u00e3o ficou mais preocupante nesses tempos de crise.<!-- AddThis Advanced Settings generic via filter on wp_trim_excerpt --><!-- AddThis Share Buttons generic via filter on wp_trim_excerpt --><\/p>\n","protected":false},"author":2,"featured_media":809,"comment_status":"closed","ping_status":"open","sticky":false,"template":"","format":"standard","meta":{"footnotes":""},"categories":[18,13],"tags":[119,138,71],"class_list":["post-808","post","type-post","status-publish","format-standard","has-post-thumbnail","hentry","category-destaque","category-home","tag-crise","tag-digno","tag-reajuste-salarial"],"_links":{"self":[{"href":"https:\/\/sinpes.org.br\/site\/wp-json\/wp\/v2\/posts\/808","targetHints":{"allow":["GET"]}}],"collection":[{"href":"https:\/\/sinpes.org.br\/site\/wp-json\/wp\/v2\/posts"}],"about":[{"href":"https:\/\/sinpes.org.br\/site\/wp-json\/wp\/v2\/types\/post"}],"author":[{"embeddable":true,"href":"https:\/\/sinpes.org.br\/site\/wp-json\/wp\/v2\/users\/2"}],"replies":[{"embeddable":true,"href":"https:\/\/sinpes.org.br\/site\/wp-json\/wp\/v2\/comments?post=808"}],"version-history":[{"count":3,"href":"https:\/\/sinpes.org.br\/site\/wp-json\/wp\/v2\/posts\/808\/revisions"}],"predecessor-version":[{"id":812,"href":"https:\/\/sinpes.org.br\/site\/wp-json\/wp\/v2\/posts\/808\/revisions\/812"}],"wp:featuredmedia":[{"embeddable":true,"href":"https:\/\/sinpes.org.br\/site\/wp-json\/wp\/v2\/media\/809"}],"wp:attachment":[{"href":"https:\/\/sinpes.org.br\/site\/wp-json\/wp\/v2\/media?parent=808"}],"wp:term":[{"taxonomy":"category","embeddable":true,"href":"https:\/\/sinpes.org.br\/site\/wp-json\/wp\/v2\/categories?post=808"},{"taxonomy":"post_tag","embeddable":true,"href":"https:\/\/sinpes.org.br\/site\/wp-json\/wp\/v2\/tags?post=808"}],"curies":[{"name":"wp","href":"https:\/\/api.w.org\/{rel}","templated":true}]}}