{"id":786,"date":"2016-03-14T16:10:58","date_gmt":"2016-03-14T19:10:58","guid":{"rendered":"http:\/\/sinpes.org.br\/site\/?p=786"},"modified":"2016-03-15T13:46:03","modified_gmt":"2016-03-15T16:46:03","slug":"puc-saiba-mais-sobre-o-tach-termo-de-ajuste-de-carga-horaria","status":"publish","type":"post","link":"https:\/\/sinpes.org.br\/site\/puc-saiba-mais-sobre-o-tach-termo-de-ajuste-de-carga-horaria\/","title":{"rendered":"PUC \u2013 Saiba mais sobre o TACH \u2013 Termo de Ajuste de Carga Hor\u00e1ria"},"content":{"rendered":"<p style=\"text-align: center;\"><strong>\u201cKIT COA\u00c7\u00c3O\u201d<\/strong><\/p>\n<p style=\"text-align: justify;\">Depois de bancar a despedida de dezenas de professores garimpados cuidadosamente dentre os mais antigos (e mais caros) e<!--more--> aqueles com senso cr\u00edtico mais agu\u00e7ado a PUC\/PR d\u00e1 prosseguimento \u00e0 sua pol\u00edtica de concentra\u00e7\u00e3o de renda sem precedentes acentuando arbitr\u00e1rias redu\u00e7\u00f5es na carga hor\u00e1ria.<\/p>\n<p style=\"text-align: justify;\">\u00a0Com as guilhotinas ainda fumegando a Pr\u00f3 Reitoria de Gradua\u00e7\u00e3o encaminha circular atazanando a vida dos professores que mantiveram a duras penas o seu emprego (na \u00edntegra no verso) \u201cinformando\u201d que os mesmos t\u00eam at\u00e9 o dia 21 de mar\u00e7o de 2016 para assinarem o <strong>\u201cTACH \u2013 TERMO DE AJUSTE DE CARGA HOR\u00c1RIA\u201d<\/strong>, <strong>sob pena de verem suprimidos (!!!)<\/strong> <strong>\u201cos pagamentos das horas n\u00e3o letivas\u201d.<\/strong><\/p>\n<p style=\"text-align: justify;\">Este suposto \u201cacordo\u201d na verdade \u00e9 constitu\u00eddo por um conjunto de \u201cpegadinhas\u201d voltadas para maquiar as verdadeiras raz\u00f5es das sucessivas redu\u00e7\u00f5es de carga hor\u00e1ria sofridas. Situa\u00e7\u00f5es consolidadas desde h\u00e1 muito s\u00e3o reputadas \u201ceventuais\u201d ou \u201ctempor\u00e1rias\u201d; pedidos de redu\u00e7\u00e3o s\u00e3o extorquidos dos professores sob a amea\u00e7a de demiss\u00e3o sum\u00e1ria por Diretores de Curso mais realistas que o rei, preocupados com a sanha de \u201cregularizar\u201d as redu\u00e7\u00f5es a todo custo; horas n\u00e3o letivas s\u00e3o eliminadas sob o pretexto de \u201cjun\u00e7\u00e3o\u201d de turmas! E assim por diante!<\/p>\n<p style=\"text-align: justify;\">Nesta quadra de terror porque passam os professores da PUC n\u00e3o h\u00e1 como resistir nem negociar isoladamente. Por isso todos aqueles que se sentirem coagidos com as arbitrariedades sofridas estampadas no TACH devem guardar c\u00f3pia f\u00edsica de seus holerites e fazer declara\u00e7\u00e3o detalhada neste sentido com reconhecimento de firma em Cart\u00f3rio, de sorte a comprovar oportunamente que a indigna\u00e7\u00e3o \u00e9 contempor\u00e2nea \u00e0s arbitrariedades sofridas. Devem tamb\u00e9m guardar este informativo e principalmente a circular emitida pela Pr\u00f3 Reitoria de Gradua\u00e7\u00e3o (transcrita na \u00edntegra no verso). Ali a coa\u00e7\u00e3o e a intimida\u00e7\u00e3o resplandecem causando esp\u00e9cie a ousadia em for\u00e7ar os professores a entabularem \u201cacordo\u201d que tem como alternativa a supress\u00e3o das poucas aulas que ainda lhes restam.<\/p>\n<p style=\"text-align: justify;\">Utilizando-se da r\u00e9stia de di\u00e1logo que ainda existe entre os \u00f3rg\u00e3os diretivos da PUC\/PR e o SINPES e de posse da carga hor\u00e1ria dos professores a partir do segundo semestre de 2014, o SINPES pretende solicitar os \u201cTACHs\u201d assinados por todos que tiveram sua carga hor\u00e1ria reduzida buscando a revers\u00e3o de cada uma das redu\u00e7\u00f5es arbitr\u00e1rias.<\/p>\n<p style=\"text-align: justify;\">A expectativa de reverter as arbitrariedades na mesa de negocia\u00e7\u00f5es \u00e9 remota, em face da postura adotada mais recentemente pela PUC ora despedindo professores experientes que faziam a diferen\u00e7a nos cursos em que lecionavam; ora estabelecendo a antip\u00e1tica e desnecess\u00e1ria cobran\u00e7a de estacionamento dos alunos; ora sustentando a validade da distribui\u00e7\u00e3o de gratifica\u00e7\u00f5es milion\u00e1rias aos seus dirigentes.<\/p>\n<p style=\"text-align: justify;\"><strong>Diretoria do Sinpes.<\/strong><\/p>\n<p><strong>TRANSCRI\u00c7\u00c3O <em>IPSIS LITTERIS<\/em> DO \u201cCOMUNICADO IMPORTANTE SOBRE TACH\u201d, EXPEDIDO PELA PRO REITORIA ACAD\u00caMICA NA PRIMEIRA SEMANA DE MAR\u00c7O DE 2016 \u2013 DOCUMENTO IMPRESCIND\u00cdVEL NO SEU \u201cKIT COA\u00c7\u00c3O\u201d:<\/strong><\/p>\n<p><img loading=\"lazy\" decoding=\"async\" class=\"aligncenter wp-image-790 size-large\" src=\"http:\/\/sinpes.org.br\/site\/wp-content\/uploads\/2016\/03\/puc-tach-529x1024.jpg\" alt=\"puc-tach\" width=\"529\" height=\"1024\" srcset=\"https:\/\/sinpes.org.br\/site\/wp-content\/uploads\/2016\/03\/puc-tach-529x1024.jpg 529w, https:\/\/sinpes.org.br\/site\/wp-content\/uploads\/2016\/03\/puc-tach-155x300.jpg 155w, https:\/\/sinpes.org.br\/site\/wp-content\/uploads\/2016\/03\/puc-tach.jpg 669w\" sizes=\"auto, (max-width: 529px) 100vw, 529px\" \/><\/p>\n<!-- AddThis Advanced Settings generic via filter on the_content --><!-- AddThis Share Buttons generic via filter on the_content -->","protected":false},"excerpt":{"rendered":"<p>\u201cKIT COA\u00c7\u00c3O\u201d Depois de bancar a despedida de dezenas de professores garimpados cuidadosamente dentre os mais antigos (e mais caros) e<!-- AddThis Advanced Settings generic via filter on wp_trim_excerpt --><!-- AddThis Share Buttons generic via filter on wp_trim_excerpt --><\/p>\n","protected":false},"author":2,"featured_media":347,"comment_status":"closed","ping_status":"open","sticky":false,"template":"","format":"standard","meta":{"footnotes":""},"categories":[18,13,2],"tags":[61,136,137],"class_list":["post-786","post","type-post","status-publish","format-standard","has-post-thumbnail","hentry","category-destaque","category-home","category-puc","tag-puc","tag-tach","tag-termo-de-ajuste-de-carga-horaria"],"_links":{"self":[{"href":"https:\/\/sinpes.org.br\/site\/wp-json\/wp\/v2\/posts\/786","targetHints":{"allow":["GET"]}}],"collection":[{"href":"https:\/\/sinpes.org.br\/site\/wp-json\/wp\/v2\/posts"}],"about":[{"href":"https:\/\/sinpes.org.br\/site\/wp-json\/wp\/v2\/types\/post"}],"author":[{"embeddable":true,"href":"https:\/\/sinpes.org.br\/site\/wp-json\/wp\/v2\/users\/2"}],"replies":[{"embeddable":true,"href":"https:\/\/sinpes.org.br\/site\/wp-json\/wp\/v2\/comments?post=786"}],"version-history":[{"count":5,"href":"https:\/\/sinpes.org.br\/site\/wp-json\/wp\/v2\/posts\/786\/revisions"}],"predecessor-version":[{"id":793,"href":"https:\/\/sinpes.org.br\/site\/wp-json\/wp\/v2\/posts\/786\/revisions\/793"}],"wp:featuredmedia":[{"embeddable":true,"href":"https:\/\/sinpes.org.br\/site\/wp-json\/wp\/v2\/media\/347"}],"wp:attachment":[{"href":"https:\/\/sinpes.org.br\/site\/wp-json\/wp\/v2\/media?parent=786"}],"wp:term":[{"taxonomy":"category","embeddable":true,"href":"https:\/\/sinpes.org.br\/site\/wp-json\/wp\/v2\/categories?post=786"},{"taxonomy":"post_tag","embeddable":true,"href":"https:\/\/sinpes.org.br\/site\/wp-json\/wp\/v2\/tags?post=786"}],"curies":[{"name":"wp","href":"https:\/\/api.w.org\/{rel}","templated":true}]}}