{"id":781,"date":"2016-03-07T09:38:18","date_gmt":"2016-03-07T12:38:18","guid":{"rendered":"http:\/\/sinpes.org.br\/site\/?p=781"},"modified":"2016-03-07T09:38:18","modified_gmt":"2016-03-07T12:38:18","slug":"informativo-aos-professores-da-faculdade-camoes","status":"publish","type":"post","link":"https:\/\/sinpes.org.br\/site\/informativo-aos-professores-da-faculdade-camoes\/","title":{"rendered":"Informativo aos Professores da Faculdade Cam\u00f5es"},"content":{"rendered":"<p style=\"text-align: justify;\"><strong>ATEN\u00c7\u00c3O PROFESSORES DA FACULDADE CAM\u00d5ES: <\/strong><\/p>\n<p style=\"text-align: justify;\">O SINPES acompanha com aten\u00e7\u00e3o e apreens\u00e3o o drama dos professores das Faculdades Integradas Cam\u00f5es, que est\u00e3o com seus sal\u00e1rios atrasados.<!--more--><\/p>\n<p style=\"text-align: justify;\">Ap\u00f3s uma inescrupulosa despedida coletiva de mais de 50% do corpo docente, sem pr\u00e9via negocia\u00e7\u00e3o sindical, como determina a jurisprud\u00eancia predominante, aqueles que n\u00e3o foram demitidos n\u00e3o vem recebendo os sal\u00e1rios respectivos al\u00e9m de se encontrarem sobrecarregados de trabalho.<\/p>\n<p style=\"text-align: justify;\">Despedida coletiva sem pr\u00e9via negocia\u00e7\u00e3o sindical \u00e9 nula de pleno Direito, raz\u00e3o pela qual o SINPES orienta os professores desligados a buscarem individualmente sua reintegra\u00e7\u00e3o pela Justi\u00e7a do Trabalho.<\/p>\n<p style=\"text-align: justify;\">As menores complica\u00e7\u00f5es burocr\u00e1ticas das a\u00e7\u00f5es individuais comparadas com as a\u00e7\u00f5es em que o Sindicato atua como substituto processual recomendam que os afastados fa\u00e7am valer os seus direitos mediante ajuizamento de reclamat\u00f3ria individual.<\/p>\n<p style=\"text-align: justify;\"><strong>Maiores informa\u00e7\u00f5es sobre o caminho das pedras, entre em contato com seu Sindicato, pelo telefone 3225-1041.<\/strong><\/p>\n<p style=\"text-align: justify;\">Em rela\u00e7\u00e3o aos professores que permanecem trabalhando, o n\u00e3o recebimento dos sal\u00e1rios e o n\u00e3o recolhimento do FGTS autoriza o ajuizamento de uma a\u00e7\u00e3o coletiva, voltada para compelir o Cam\u00f5es e as diversas pessoas jur\u00eddicas constitu\u00eddas pelos seus propriet\u00e1rios a satisfazer tais cr\u00e9ditos alimentares. Neste caso as repres\u00e1lias que por certo ocorreriam em caso de proposi\u00e7\u00e3o de a\u00e7\u00f5es individuais justifica trilhar o caminho da a\u00e7\u00e3o coletiva.<\/p>\n<p style=\"text-align: justify;\">A postura de desrespeito para com professores e empregados n\u00e3o docentes igualmente redundar\u00e1 em uma mobiliza\u00e7\u00e3o que ser\u00e1 desencadeada a partir do dia 15 de mar\u00e7o de 2016 se at\u00e9 l\u00e1 a situa\u00e7\u00e3o n\u00e3o estiver solucionada.<\/p>\n<p style=\"text-align: justify;\">O Sr. Anselmo Michelotto e seus familiares, respons\u00e1veis pelas diversas pessoas jur\u00eddicas criadas com o objetivo de ludibriar os credores das mais diversas obriga\u00e7\u00f5es legais j\u00e1 foram avisados da estrat\u00e9gia adotada pelo SINPES, atrav\u00e9s de telegrama com o seguinte teor:<\/p>\n<p style=\"text-align: justify;\"><strong>\u201cEm face das insistentes reclama\u00e7\u00f5es dos professores desta IES a prop\u00f3sito dos constantes atrasos salariais, o SINPES alerta que se at\u00e9 o dia 15.03.2016 os sal\u00e1rios n\u00e3o se encontrarem rigorosamente em dia, ser\u00e1 providenciada a mobiliza\u00e7\u00e3o de professores e estudantes com o objetivo de denunciar essa situa\u00e7\u00e3o para a comunidade em geral. Isto sem preju\u00edzo das provid\u00eancias judiciais que ser\u00e3o imediatamente adotadas&#8230;\u201d<\/strong><\/p>\n<p style=\"text-align: justify;\">O Sinpes espera que prevale\u00e7a o bom senso e as pend\u00eancias salariais sejam regularizadas com a m\u00e1xima urg\u00eancia poss\u00edvel.<\/p>\n<!-- AddThis Advanced Settings generic via filter on the_content --><!-- AddThis Share Buttons generic via filter on the_content -->","protected":false},"excerpt":{"rendered":"<p>ATEN\u00c7\u00c3O PROFESSORES DA FACULDADE CAM\u00d5ES: O SINPES acompanha com aten\u00e7\u00e3o e apreens\u00e3o o drama dos professores das Faculdades Integradas Cam\u00f5es, que est\u00e3o com seus sal\u00e1rios atrasados.<!-- AddThis Advanced Settings generic via filter on wp_trim_excerpt --><!-- AddThis Share Buttons generic via filter on wp_trim_excerpt --><\/p>\n","protected":false},"author":2,"featured_media":782,"comment_status":"closed","ping_status":"open","sticky":false,"template":"","format":"standard","meta":{"footnotes":""},"categories":[120,18,13],"tags":[121,135],"class_list":["post-781","post","type-post","status-publish","format-standard","has-post-thumbnail","hentry","category-camoes","category-destaque","category-home","tag-camoes","tag-informativo"],"_links":{"self":[{"href":"https:\/\/sinpes.org.br\/site\/wp-json\/wp\/v2\/posts\/781","targetHints":{"allow":["GET"]}}],"collection":[{"href":"https:\/\/sinpes.org.br\/site\/wp-json\/wp\/v2\/posts"}],"about":[{"href":"https:\/\/sinpes.org.br\/site\/wp-json\/wp\/v2\/types\/post"}],"author":[{"embeddable":true,"href":"https:\/\/sinpes.org.br\/site\/wp-json\/wp\/v2\/users\/2"}],"replies":[{"embeddable":true,"href":"https:\/\/sinpes.org.br\/site\/wp-json\/wp\/v2\/comments?post=781"}],"version-history":[{"count":1,"href":"https:\/\/sinpes.org.br\/site\/wp-json\/wp\/v2\/posts\/781\/revisions"}],"predecessor-version":[{"id":783,"href":"https:\/\/sinpes.org.br\/site\/wp-json\/wp\/v2\/posts\/781\/revisions\/783"}],"wp:featuredmedia":[{"embeddable":true,"href":"https:\/\/sinpes.org.br\/site\/wp-json\/wp\/v2\/media\/782"}],"wp:attachment":[{"href":"https:\/\/sinpes.org.br\/site\/wp-json\/wp\/v2\/media?parent=781"}],"wp:term":[{"taxonomy":"category","embeddable":true,"href":"https:\/\/sinpes.org.br\/site\/wp-json\/wp\/v2\/categories?post=781"},{"taxonomy":"post_tag","embeddable":true,"href":"https:\/\/sinpes.org.br\/site\/wp-json\/wp\/v2\/tags?post=781"}],"curies":[{"name":"wp","href":"https:\/\/api.w.org\/{rel}","templated":true}]}}