{"id":775,"date":"2016-02-16T16:27:30","date_gmt":"2016-02-16T18:27:30","guid":{"rendered":"http:\/\/sinpes.org.br\/site\/?p=775"},"modified":"2016-03-30T16:29:20","modified_gmt":"2016-03-30T19:29:20","slug":"puc-lista-de-docentes-inativos-a-receber-indenizacao","status":"publish","type":"post","link":"https:\/\/sinpes.org.br\/site\/puc-lista-de-docentes-inativos-a-receber-indenizacao\/","title":{"rendered":"PUC \u2013 Lista de Docentes Demitidos a Receber Indeniza\u00e7\u00e3o"},"content":{"rendered":"<p style=\"text-align: justify;\">PROFESSOR DEMITIDO DA PUC\/PR:<\/p>\n<p>Segundo informa\u00e7\u00f5es encaminhadas pela PUC\/PR ao SINPES, estar\u00e1 dispon\u00edvel a partir do dia 17\/02\/2016, nas ag\u00eancias do HSBC, uma ordem de pagamento aos docentes referente \u00e0 indeniza\u00e7\u00e3o estabelecida pelo Acordo Coletivo de Trabalho celebrado em 2014.<\/p>\n<p style=\"text-align: justify;\">Se houver apenas uma marca\u00e7\u00e3o no nome do docente com um X, esse ter\u00e1 disponibilizado uma \u00fanica ordem de pagamento. Se houver duas marca\u00e7\u00f5es com X, a disponibiliza\u00e7\u00e3o diz respeito a duas ordens de pagamento.<\/p>\n<p style=\"text-align: justify;\">Caso o docente compare\u00e7a a alguma ag\u00eancia do HSBC que n\u00e3o seja a da PUC\/PR, dever\u00e1 informar que a Ordem de Pagamento est\u00e1 registrada na ag\u00eancia 1748 &#8211; Ag\u00eancia PUC\/PR.<\/p>\n<p style=\"text-align: justify;\">A lista abaixo cont\u00e9m os nomes dos docentes inativos que t\u00eam direito a essa indeniza\u00e7\u00e3o.<\/p>\n<p>&nbsp;<\/p>\n<p style=\"text-align: center;\"><a class=\"fasc-button fasc-size-medium fasc-type-glossy fasc-rounded-medium fasc-ico-before dashicons-admin-links\" style=\"background-color: #33809e; color: #ffffff;\" href=\"http:\/\/sinpes.org.br\/site\/wp-content\/uploads\/2016\/02\/PUC-Lista-Sindicato-Inativos.pdf\" target=\"_blank\" data-fasc-style=\"background-color:#33809e;color:#ffffff;\">Lista de Docentes Demitidos a Receber Indeniza\u00e7\u00e3o<\/a><\/p>\n<!-- AddThis Advanced Settings generic via filter on the_content --><!-- AddThis Share Buttons generic via filter on the_content -->","protected":false},"excerpt":{"rendered":"<p>PROFESSOR DEMITIDO DA PUC\/PR: Segundo informa\u00e7\u00f5es encaminhadas pela PUC\/PR ao SINPES, estar\u00e1 dispon\u00edvel a partir do dia 17\/02\/2016, nas ag\u00eancias do HSBC, uma ordem de pagamento aos docentes referente \u00e0 indeniza\u00e7\u00e3o estabelecida pelo Acordo Coletivo de Trabalho celebrado em 2014. Se houver apenas uma marca\u00e7\u00e3o no nome do docente com um X, esse ter\u00e1 disponibilizado [&hellip;]<!-- AddThis Advanced Settings generic via filter on wp_trim_excerpt --><!-- AddThis Share Buttons generic via filter on wp_trim_excerpt --><\/p>\n","protected":false},"author":2,"featured_media":0,"comment_status":"closed","ping_status":"open","sticky":false,"template":"","format":"standard","meta":{"footnotes":""},"categories":[18,2],"tags":[132,133,134,61],"class_list":["post-775","post","type-post","status-publish","format-standard","hentry","category-destaque","category-puc","tag-docentes","tag-inativos","tag-indenizacao","tag-puc"],"_links":{"self":[{"href":"https:\/\/sinpes.org.br\/site\/wp-json\/wp\/v2\/posts\/775","targetHints":{"allow":["GET"]}}],"collection":[{"href":"https:\/\/sinpes.org.br\/site\/wp-json\/wp\/v2\/posts"}],"about":[{"href":"https:\/\/sinpes.org.br\/site\/wp-json\/wp\/v2\/types\/post"}],"author":[{"embeddable":true,"href":"https:\/\/sinpes.org.br\/site\/wp-json\/wp\/v2\/users\/2"}],"replies":[{"embeddable":true,"href":"https:\/\/sinpes.org.br\/site\/wp-json\/wp\/v2\/comments?post=775"}],"version-history":[{"count":4,"href":"https:\/\/sinpes.org.br\/site\/wp-json\/wp\/v2\/posts\/775\/revisions"}],"predecessor-version":[{"id":816,"href":"https:\/\/sinpes.org.br\/site\/wp-json\/wp\/v2\/posts\/775\/revisions\/816"}],"wp:attachment":[{"href":"https:\/\/sinpes.org.br\/site\/wp-json\/wp\/v2\/media?parent=775"}],"wp:term":[{"taxonomy":"category","embeddable":true,"href":"https:\/\/sinpes.org.br\/site\/wp-json\/wp\/v2\/categories?post=775"},{"taxonomy":"post_tag","embeddable":true,"href":"https:\/\/sinpes.org.br\/site\/wp-json\/wp\/v2\/tags?post=775"}],"curies":[{"name":"wp","href":"https:\/\/api.w.org\/{rel}","templated":true}]}}