{"id":742,"date":"2016-01-19T22:43:22","date_gmt":"2016-01-20T00:43:22","guid":{"rendered":"http:\/\/sinpes.org.br\/site\/?p=742"},"modified":"2016-01-19T22:45:46","modified_gmt":"2016-01-20T00:45:46","slug":"facel-demite-professores-de-forma-abusiva-e-nao-paga-salarios-atrasados","status":"publish","type":"post","link":"https:\/\/sinpes.org.br\/site\/facel-demite-professores-de-forma-abusiva-e-nao-paga-salarios-atrasados\/","title":{"rendered":"Facel Demite Professores de Forma Abusiva e N\u00e3o Paga Sal\u00e1rios Atrasados"},"content":{"rendered":"<p style=\"text-align: justify;\">Mesmo ap\u00f3s v\u00e1rias tentativas de negocia\u00e7\u00e3o, \u00e0s v\u00e9speras do Natal de 2015, cerca de 20 professores da Faculdade de Administra\u00e7\u00e3o, Ci\u00eancias, Educa\u00e7\u00e3o e Letras <!--more-->\u2013 FACEL \u2013 foram demitidos, simultaneamente e, os que ainda n\u00e3o foram desligados, est\u00e3o sem receber o pagamento integral dos sal\u00e1rios, das f\u00e9rias e 13\u00ba sal\u00e1rio.<\/p>\n<p style=\"text-align: justify;\">De acordo com o vice-presidente do Sinpes (<strong>Sindicato dos Professores de Ensino Superior de Curitiba e Regi\u00e3o Metropolitana)<\/strong>, Valdyr Perrini, a situa\u00e7\u00e3o \u00e9 alarmante, j\u00e1 que as despedidas coletivas ocorreram como repres\u00e1lia contra a mobiliza\u00e7\u00e3o dos professores em face dos constantes atrasos salariais, sem pr\u00e9via negocia\u00e7\u00e3o com o sindicato da categoria. \u201cA FACEL agiu de forma truculenta ao dispensar os professores que auxiliaram o Sinpes na mobiliza\u00e7\u00e3o contra os atrasos salariais mediante o comparecimento de assembleias convocadas para os meses de novembro e dezembro de 2015. Tal conduta deixou os docentes ainda mais revoltados com toda essa situa\u00e7\u00e3o\u201d, explica.<\/p>\n<p style=\"text-align: justify;\">Em reuni\u00e3o realizada com os professores da institui\u00e7\u00e3o de ensino no dia 16\/12\/2015, o \u201cnovo comprador\u201d da FACEL assumiu o compromisso de pagar os sal\u00e1rios atrasados que se acumulam desde maio de 2015, em 6 parcelas, a partir de janeiro de 2016, al\u00e9m de quitar as f\u00e9rias e o 13\u00ba sal\u00e1rio de 2015 at\u00e9 o dia 22\/12\/15. Nem mesmo esta promessa unilateral, feita em reuni\u00e3o para a qual o Sinpes n\u00e3o foi convidado, foi cumprida.<\/p>\n<p style=\"text-align: justify;\">Para completar o ros\u00e1rio de ilicitudes, a FACEL n\u00e3o efetuou em 10 dias o pagamento das verbas rescis\u00f3rias dos professores demitidos, nem realizou o pagamento correto do FGTS + multa de 40 % de boa parte dos demitidos.<\/p>\n<p style=\"text-align: justify;\">O Sinpes estuda as devidas medidas judiciais que dever\u00e3o ser tomadas a partir de agora e j\u00e1 solicitou uma mesa redonda perante a Superintend\u00eancia Regional do Trabalho como \u00faltima tentativa para buscar uma solu\u00e7\u00e3o negociada das pend\u00eancias. Por raz\u00f5es administrativas alheias \u00e0 vontade do Sinpes ainda n\u00e3o foi agendada a data para este evento.<\/p>\n<p style=\"text-align: justify;\">Aqueles professores que n\u00e3o t\u00eam mais interesse em permanecer na FACEL devem procurar o Sinpes imediatamente para promover a rescis\u00e3o indireta do seu contrato de trabalho.<\/p>\n<p style=\"text-align: justify;\">Os abusivamente demitidos devem aguardar o resultado da mesa redonda convocada. Em caso de n\u00e3o haver uma solu\u00e7\u00e3o negociada, ser\u00e3o interpostas individualmente tantas a\u00e7\u00f5es trabalhistas quantas forem os professores interessados na repara\u00e7\u00e3o de seus direitos.<\/p>\n<p style=\"text-align: justify;\">Em defesa daqueles que permanecem na FACEL, o Sinpes buscar\u00e1 uma liminar voltada para o recebimento imediato dos sal\u00e1rios atrasados em a\u00e7\u00e3o coletiva anteriormente ajuizada perante a 13\u00aa. Vara do Trabalho.<\/p>\n<p style=\"text-align: justify;\"><strong>SINPES &#8211; Sindicato dos Professores de Ensino Superior de Curitiba e Regi\u00e3o Metropolitana.<\/strong><\/p>\n<p style=\"text-align: justify;\"><strong>Diretoria do Sinpes.<\/strong><\/p>\n<p style=\"text-align: justify;\">\n<!-- AddThis Advanced Settings generic via filter on the_content --><!-- AddThis Share Buttons generic via filter on the_content -->","protected":false},"excerpt":{"rendered":"<p>Mesmo ap\u00f3s v\u00e1rias tentativas de negocia\u00e7\u00e3o, \u00e0s v\u00e9speras do Natal de 2015, cerca de 20 professores da Faculdade de Administra\u00e7\u00e3o, Ci\u00eancias, Educa\u00e7\u00e3o e Letras<!-- AddThis Advanced Settings generic via filter on wp_trim_excerpt --><!-- AddThis Share Buttons generic via filter on wp_trim_excerpt --><\/p>\n","protected":false},"author":2,"featured_media":539,"comment_status":"closed","ping_status":"open","sticky":false,"template":"","format":"standard","meta":{"footnotes":""},"categories":[18,56,13],"tags":[87,35,57,22],"class_list":["post-742","post","type-post","status-publish","format-standard","has-post-thumbnail","hentry","category-destaque","category-facel","category-home","tag-atraso-salarial","tag-demissao","tag-facel","tag-professores"],"_links":{"self":[{"href":"https:\/\/sinpes.org.br\/site\/wp-json\/wp\/v2\/posts\/742","targetHints":{"allow":["GET"]}}],"collection":[{"href":"https:\/\/sinpes.org.br\/site\/wp-json\/wp\/v2\/posts"}],"about":[{"href":"https:\/\/sinpes.org.br\/site\/wp-json\/wp\/v2\/types\/post"}],"author":[{"embeddable":true,"href":"https:\/\/sinpes.org.br\/site\/wp-json\/wp\/v2\/users\/2"}],"replies":[{"embeddable":true,"href":"https:\/\/sinpes.org.br\/site\/wp-json\/wp\/v2\/comments?post=742"}],"version-history":[{"count":2,"href":"https:\/\/sinpes.org.br\/site\/wp-json\/wp\/v2\/posts\/742\/revisions"}],"predecessor-version":[{"id":744,"href":"https:\/\/sinpes.org.br\/site\/wp-json\/wp\/v2\/posts\/742\/revisions\/744"}],"wp:featuredmedia":[{"embeddable":true,"href":"https:\/\/sinpes.org.br\/site\/wp-json\/wp\/v2\/media\/539"}],"wp:attachment":[{"href":"https:\/\/sinpes.org.br\/site\/wp-json\/wp\/v2\/media?parent=742"}],"wp:term":[{"taxonomy":"category","embeddable":true,"href":"https:\/\/sinpes.org.br\/site\/wp-json\/wp\/v2\/categories?post=742"},{"taxonomy":"post_tag","embeddable":true,"href":"https:\/\/sinpes.org.br\/site\/wp-json\/wp\/v2\/tags?post=742"}],"curies":[{"name":"wp","href":"https:\/\/api.w.org\/{rel}","templated":true}]}}