{"id":726,"date":"2015-12-14T20:57:43","date_gmt":"2015-12-14T22:57:43","guid":{"rendered":"http:\/\/sinpes.org.br\/site\/?p=726"},"modified":"2015-12-14T20:57:59","modified_gmt":"2015-12-14T22:57:59","slug":"professores-da-facel-exigem-a-reintegracao-de-professores-demitidos-por-represalia","status":"publish","type":"post","link":"https:\/\/sinpes.org.br\/site\/professores-da-facel-exigem-a-reintegracao-de-professores-demitidos-por-represalia\/","title":{"rendered":"Professores da Facel Exigem a Reintegra\u00e7\u00e3o de Professores Demitidos por Repres\u00e1lia"},"content":{"rendered":"<p style=\"text-align: justify;\">Em assembleia geral convocada pelo SINPES \u2013 Sindicato dos Professores de Ensino Superior de Curitiba e da Regi\u00e3o Metropolitana no dia 10.12.2015, os professores da FACEL pela UNANIMIDADE dos presentes, deliberaram:<!--more--><\/p>\n<p style=\"text-align: justify;\">&#8211; Repudiar as amea\u00e7as proferidas pelo dirigente da holding sucessora, Sr. Caitano Neto, aos professores que aderiram ao movimento coletivo pela regulariza\u00e7\u00e3o do pagamento dos sal\u00e1rios e demais verbas trabalhistas;<\/p>\n<p style=\"text-align: justify;\">&#8211; Lamentar as distor\u00e7\u00f5es dos fatos em que incorreu o referido dirigente ao relatar as negocia\u00e7\u00f5es entabuladas com dirigente do SINPES, visto que em momento algum houve \u201csugest\u00e3o\u201d sindical para que os professores fossem demitidos;<\/p>\n<p style=\"text-align: justify;\">&#8211; Exigir a imediata reintegra\u00e7\u00e3o dos professores Tiago Morales Calve e Shana Pimenta, lideran\u00e7as do movimento desligadas em repres\u00e1lia \u00e0 sua atua\u00e7\u00e3o \u00e0 frente das reivindica\u00e7\u00f5es dos professores;<\/p>\n<p style=\"text-align: justify;\">&#8211; Tornar facultativa aos professores a ades\u00e3o ao movimento pelo n\u00e3o lan\u00e7amento de notas nem aplica\u00e7\u00e3o das provas substitutivas at\u00e9 o efetivo pagamento dos sal\u00e1rios devidos acrescidos dos reajustes aplic\u00e1veis aos d\u00e9bitos trabalhistas.<\/p>\n<p style=\"text-align: justify;\">Diante da manifesta coa\u00e7\u00e3o impingida aos docentes, ficou estabelecido que o Sinpes dever\u00e1 tomar as medidas que reputar convenientes para por fim aos desmandos que se exacerbaram com a revela\u00e7\u00e3o da empresa sucessora.<\/p>\n<p style=\"text-align: justify;\">Em reuni\u00e3o realizada com o Presidente do Grupo Italma Holding, apresentado ao Sinpes como \u201cnovo\u201d comprador da FACEL, esse comprometeu-se a encaminhar at\u00e9 o dia 16.12.2015 proposta de pagamento das pend\u00eancias atrasadas.<\/p>\n<p style=\"text-align: justify;\">Contrariando a aparente tentativa de solucionar de forma civilizada a grave crise que afeta os empregados da FACEL, em reuni\u00e3o realizadas com os professores e a dire\u00e7\u00e3o desta Institui\u00e7\u00e3o de Ensino passou a amea\u00e7ar os professores que aderiram ao movimento e a tecer improp\u00e9rios contra a conduta do SINPES em solidariedade aos professores. Tudo isto depois de ter determinado o desligamento dos dois professores que ostentavam a condi\u00e7\u00e3o de l\u00edderes do movimento, figurando como pontes de comunica\u00e7\u00e3o entre os desmandos da FACEL e o SINPES.<\/p>\n<p style=\"text-align: justify;\">A postura patronal em nada ajuda a solu\u00e7\u00e3o da grave crise da FACEL. Resta ao Sinpes adotar na esfera judicial e extrajudicial as medidas de press\u00e3o que reputar conveniente para fazer frente \u00e0 postura truculenta da nova empregadora, completamente desinteressada de primar pela excel\u00eancia do ensino e pelo cumprimento da legisla\u00e7\u00e3o trabalhista<strong>.<\/strong><\/p>\n<p style=\"text-align: justify;\"><strong>Diretoria do Sinpes.<\/strong><\/p>\n<!-- AddThis Advanced Settings generic via filter on the_content --><!-- AddThis Share Buttons generic via filter on the_content -->","protected":false},"excerpt":{"rendered":"<p>Em assembleia geral convocada pelo SINPES \u2013 Sindicato dos Professores de Ensino Superior de Curitiba e da Regi\u00e3o Metropolitana no dia 10.12.2015, os professores da FACEL pela UNANIMIDADE dos presentes, deliberaram:<!-- AddThis Advanced Settings generic via filter on wp_trim_excerpt --><!-- AddThis Share Buttons generic via filter on wp_trim_excerpt --><\/p>\n","protected":false},"author":2,"featured_media":539,"comment_status":"closed","ping_status":"open","sticky":false,"template":"","format":"standard","meta":{"footnotes":""},"categories":[18,56,13],"tags":[35,57,22,124,125],"class_list":["post-726","post","type-post","status-publish","format-standard","has-post-thumbnail","hentry","category-destaque","category-facel","category-home","tag-demissao","tag-facel","tag-professores","tag-reintegracao","tag-represalia"],"_links":{"self":[{"href":"https:\/\/sinpes.org.br\/site\/wp-json\/wp\/v2\/posts\/726","targetHints":{"allow":["GET"]}}],"collection":[{"href":"https:\/\/sinpes.org.br\/site\/wp-json\/wp\/v2\/posts"}],"about":[{"href":"https:\/\/sinpes.org.br\/site\/wp-json\/wp\/v2\/types\/post"}],"author":[{"embeddable":true,"href":"https:\/\/sinpes.org.br\/site\/wp-json\/wp\/v2\/users\/2"}],"replies":[{"embeddable":true,"href":"https:\/\/sinpes.org.br\/site\/wp-json\/wp\/v2\/comments?post=726"}],"version-history":[{"count":2,"href":"https:\/\/sinpes.org.br\/site\/wp-json\/wp\/v2\/posts\/726\/revisions"}],"predecessor-version":[{"id":728,"href":"https:\/\/sinpes.org.br\/site\/wp-json\/wp\/v2\/posts\/726\/revisions\/728"}],"wp:featuredmedia":[{"embeddable":true,"href":"https:\/\/sinpes.org.br\/site\/wp-json\/wp\/v2\/media\/539"}],"wp:attachment":[{"href":"https:\/\/sinpes.org.br\/site\/wp-json\/wp\/v2\/media?parent=726"}],"wp:term":[{"taxonomy":"category","embeddable":true,"href":"https:\/\/sinpes.org.br\/site\/wp-json\/wp\/v2\/categories?post=726"},{"taxonomy":"post_tag","embeddable":true,"href":"https:\/\/sinpes.org.br\/site\/wp-json\/wp\/v2\/tags?post=726"}],"curies":[{"name":"wp","href":"https:\/\/api.w.org\/{rel}","templated":true}]}}