{"id":714,"date":"2015-12-02T16:23:30","date_gmt":"2015-12-02T18:23:30","guid":{"rendered":"http:\/\/sinpes.org.br\/site\/?p=714"},"modified":"2015-12-04T19:09:19","modified_gmt":"2015-12-04T21:09:19","slug":"facel-professores-decidem-reter-as-notas-e-adiar-provas-substitutivas-como-forma-de-pressionar-para-regularizacao-do-pagamento-dos-salarios","status":"publish","type":"post","link":"https:\/\/sinpes.org.br\/site\/facel-professores-decidem-reter-as-notas-e-adiar-provas-substitutivas-como-forma-de-pressionar-para-regularizacao-do-pagamento-dos-salarios\/","title":{"rendered":"Professores da Facel Ret\u00e9m Notas e Adiam Provas para Receber Sal\u00e1rios Atrasados"},"content":{"rendered":"<p style=\"text-align: justify;\">Frustra\u00e7\u00e3o e descontentamento. Ao t\u00e9rmino de 2015, esses s\u00e3o os sentimentos dos professores da Faculdade de Administra\u00e7\u00e3o, Ci\u00eancias, Educa\u00e7\u00e3o e Letras \u2013 FACEL \u2013 que, mesmo com determina\u00e7\u00e3o judicial <!--more-->impondo o pagamento de multas pelos sal\u00e1rios atrasados, ainda est\u00e3o sem receber integralmente o que lhes \u00e9 devido. A situa\u00e7\u00e3o vem sendo acompanhada de perto pelo Sinpes &#8211; Sindicato dos Professores de Ensino Superior de Curitiba e Regi\u00e3o Metropolitana &#8211; com grande preocupa\u00e7\u00e3o, j\u00e1 que os atrasos persistem desde o m\u00eas de maio. A partir deste m\u00eas os docentes receberam apenas parte de cada um dos sal\u00e1rios mensais devidos, em propor\u00e7\u00f5es que v\u00eam diminuindo e que oscilam entre 12% e 47%.<\/p>\n<p style=\"text-align: justify;\">O sindicato aponta essa pr\u00e1tica da FACEL como uma manobra para confundir a Justi\u00e7a do Trabalho, j\u00e1 que um \u201cpagamento parcial\u201d mensal camuflaria a situa\u00e7\u00e3o, dificultando a percep\u00e7\u00e3o exata de quais os valores permanecem devidos.<\/p>\n<p style=\"text-align: justify;\">Em concorrida Assembleia realizada no dia 27 de novembro de 2015, os professores da FACEL, com a solidariedade dos alunos presentes, decidiram, por unanimidade, pela reten\u00e7\u00e3o de notas e pelo adiamento das provas substitutivas por tempo indeterminado at\u00e9 o efetivo pagamento das verbas salariais em atraso (inclusive primeira parcela do 13\u00ba. Sal\u00e1rio) acrescido dos \u00edndices de reajuste do Tribunal Regional do Trabalho da 9\u00aa Regi\u00e3o. Os professores tamb\u00e9m deliberaram pela realiza\u00e7\u00e3o de uma nova assembleia geral a ser realizada no dia 10.12.2015 \u00e0s 19h00min no Hotel Deville, oportunidade em que, dependendo da atitude do empregador em rela\u00e7\u00e3o aos d\u00e9bitos pendentes, as medidas adotadas poder\u00e3o ser aliviadas ou at\u00e9 mesmo agravadas com a decreta\u00e7\u00e3o de greve por tempo indeterminado.<\/p>\n<p style=\"text-align: justify;\">Em contato realizado com a atual mantenedora e o Presidente do Grupo Italma Holding, que se apresenta como virtual comprador da institui\u00e7\u00e3o de ensino, foi esclarecido que a concretiza\u00e7\u00e3o da propalada transfer\u00eancia de controle acion\u00e1rio da FACEL para o grupo investidor somente seria concretizada no dia 11.12.2015. Se realizada a venda, a holding sucessora comprometeu-se a encaminhar at\u00e9 o dia 16.12.2015, uma proposta de pagamento dos sal\u00e1rios pendentes, que estariam sendo levantados.<\/p>\n<p style=\"text-align: justify;\">Dada a proximidade do fim do ano letivo sem a solu\u00e7\u00e3o das pend\u00eancias salariais e n\u00e3o havendo nenhum fato novo relevante anunciado pelos devedores at\u00e9 a realiza\u00e7\u00e3o da pr\u00f3xima assembleia geral, o Sinpes em obedi\u00eancia \u00e0 delibera\u00e7\u00e3o da Assembleia Geral anterior, promove ampla divulga\u00e7\u00e3o da pr\u00f3xima <strong>Assembleia Geral (convocada para o dia 10\/12\/2015, \u00e0s 19h00, no Hotel Deville)<\/strong> inclusive mediante caminh\u00f5es de som que dever\u00e3o circular nas proximidades da FACEL e das principais igrejas da Assembleia de Deus na Regi\u00e3o Metropolitana de Curitiba nos hor\u00e1rios que antecedem e sucedem a realiza\u00e7\u00e3o dos cultos de final de semana.<\/p>\n<p style=\"text-align: justify;\">Tamb\u00e9m estuda mecanismos para viabilizar a responsabiliza\u00e7\u00e3o destas Igrejas pelos d\u00e9bitos salariais em atraso, j\u00e1 que a solv\u00eancia das mesmas \u00e9 fato not\u00f3rio conhecido de todos.<\/p>\n<p style=\"text-align: justify;\">\n<p style=\"text-align: justify;\">Diretoria do Sinpes.<\/p>\n<!-- AddThis Advanced Settings generic via filter on the_content --><!-- AddThis Share Buttons generic via filter on the_content -->","protected":false},"excerpt":{"rendered":"<p>Frustra\u00e7\u00e3o e descontentamento. Ao t\u00e9rmino de 2015, esses s\u00e3o os sentimentos dos professores da Faculdade de Administra\u00e7\u00e3o, Ci\u00eancias, Educa\u00e7\u00e3o e Letras \u2013 FACEL \u2013 que, mesmo com determina\u00e7\u00e3o judicial<!-- AddThis Advanced Settings generic via filter on wp_trim_excerpt --><!-- AddThis Share Buttons generic via filter on wp_trim_excerpt --><\/p>\n","protected":false},"author":2,"featured_media":539,"comment_status":"closed","ping_status":"open","sticky":false,"template":"","format":"standard","meta":{"footnotes":""},"categories":[18,56,13],"tags":[57,122,47,123,58],"class_list":["post-714","post","type-post","status-publish","format-standard","has-post-thumbnail","hentry","category-destaque","category-facel","category-home","tag-facel","tag-notas","tag-pagamentos","tag-provas-substitutivas","tag-salario"],"_links":{"self":[{"href":"https:\/\/sinpes.org.br\/site\/wp-json\/wp\/v2\/posts\/714","targetHints":{"allow":["GET"]}}],"collection":[{"href":"https:\/\/sinpes.org.br\/site\/wp-json\/wp\/v2\/posts"}],"about":[{"href":"https:\/\/sinpes.org.br\/site\/wp-json\/wp\/v2\/types\/post"}],"author":[{"embeddable":true,"href":"https:\/\/sinpes.org.br\/site\/wp-json\/wp\/v2\/users\/2"}],"replies":[{"embeddable":true,"href":"https:\/\/sinpes.org.br\/site\/wp-json\/wp\/v2\/comments?post=714"}],"version-history":[{"count":6,"href":"https:\/\/sinpes.org.br\/site\/wp-json\/wp\/v2\/posts\/714\/revisions"}],"predecessor-version":[{"id":720,"href":"https:\/\/sinpes.org.br\/site\/wp-json\/wp\/v2\/posts\/714\/revisions\/720"}],"wp:featuredmedia":[{"embeddable":true,"href":"https:\/\/sinpes.org.br\/site\/wp-json\/wp\/v2\/media\/539"}],"wp:attachment":[{"href":"https:\/\/sinpes.org.br\/site\/wp-json\/wp\/v2\/media?parent=714"}],"wp:term":[{"taxonomy":"category","embeddable":true,"href":"https:\/\/sinpes.org.br\/site\/wp-json\/wp\/v2\/categories?post=714"},{"taxonomy":"post_tag","embeddable":true,"href":"https:\/\/sinpes.org.br\/site\/wp-json\/wp\/v2\/tags?post=714"}],"curies":[{"name":"wp","href":"https:\/\/api.w.org\/{rel}","templated":true}]}}