{"id":707,"date":"2015-11-23T12:04:19","date_gmt":"2015-11-23T14:04:19","guid":{"rendered":"http:\/\/sinpes.org.br\/site\/?p=707"},"modified":"2015-11-23T12:04:19","modified_gmt":"2015-11-23T14:04:19","slug":"demissoes-e-salarios-atrasados-afrontam-professores-do-camoes","status":"publish","type":"post","link":"https:\/\/sinpes.org.br\/site\/demissoes-e-salarios-atrasados-afrontam-professores-do-camoes\/","title":{"rendered":"Demiss\u00f5es e Sal\u00e1rios Atrasados Afrontam Professores do Cam\u00f5es"},"content":{"rendered":"<p style=\"text-align: justify;\">O cen\u00e1rio do Instituto de Ensino Superior Cam\u00f5es \u00e9 preocupante. Os professores t\u00eam esperado mais de 20 dias ap\u00f3s a data de pagamento para receber seus sal\u00e1rios. Os reajustes das \u00faltimas conven\u00e7\u00f5es coletivas n\u00e3o t\u00eam sido observados e os dep\u00f3sitos do FGTS de todos os professores est\u00e3o em atraso.<\/p>\n<p style=\"text-align: justify;\">Para agravar a situa\u00e7\u00e3o diversos professores foram sumariamente demitidos em novembro, em clima de total desrespeito para com a comunidade acad\u00eamica.<\/p>\n<p style=\"text-align: justify;\">Como se n\u00e3o bastasse, os docentes dispensados encontram dificuldades para obter a homologa\u00e7\u00e3o do termo rescis\u00f3rio, pois, de forma recorrente, a Institui\u00e7\u00e3o tem adiado indefinidamente este singelo procedimento administrativo.<\/p>\n<p style=\"text-align: justify;\">Em algumas situa\u00e7\u00f5es, o Cam\u00f5es agenda data para a homologa\u00e7\u00e3o do termo de rescis\u00e3o zerado ap\u00f3s dois anos do rompimento do contrato de trabalho, quando j\u00e1 se encontram irremediavelmente prescritos os direitos do empregado.<\/p>\n<p style=\"text-align: justify;\">Dessa forma, o contato dos professores prejudicados com o Sinpes (Sindicato dos Professores de Ensino Superior de Curitiba e Regi\u00e3o Metropolitana) \u00e9 postergado, fazendo com que muitos deixem de ser alertados em rela\u00e7\u00e3o a detalhes dos diversos direitos que lhes s\u00e3o sonegados e retardando o acesso aos benef\u00edcios do seguro-desemprego.<\/p>\n<p style=\"text-align: justify;\">Segundo den\u00fancias dos docentes demitidos, a partir do momento em que os professores est\u00e3o impedidos de concluir o semestre letivo, fica comprometida a seriedade, a lisura e a justa avalia\u00e7\u00e3o dos alunos previamente designada para a semana que se inicia no dia 23.11.2015.<\/p>\n<p style=\"text-align: justify;\">Ao adotar estas condutas e agrupar alunos de cursos e disciplinas diferentes em uma mesma sala de aula, os dirigentes do Instituto agem de m\u00e1-f\u00e9 e n\u00e3o demonstram respeito nem qualquer responsabilidade para com a com a educa\u00e7\u00e3o, tratando-a como mero objeto de neg\u00f3cio.<\/p>\n<p style=\"text-align: justify;\">O Sindicato defende que a Institui\u00e7\u00e3o de Ensino deve estar sempre pautada pelo princ\u00edpio da boa-f\u00e9 e pelo respeito \u00e0 educa\u00e7\u00e3o, o que n\u00e3o acontece notoriamente desde h\u00e1 muito no Cam\u00f5es.<\/p>\n<p style=\"text-align: justify;\">O SINPES alerta que o professor demitido deve procurar o Sindicato ou advogado de sua confian\u00e7a antes que se esgote o prazo de dois anos para o ajuizamento de a\u00e7\u00e3o trabalhista, ap\u00f3s o rompimento do contrato. Para a propositura de n\u00e3o h\u00e1 necessidade do termo de rescis\u00e3o homologado.<\/p>\n<p style=\"text-align: justify;\"><strong>Caso os dirigentes do Cam\u00f5es n\u00e3o passem a cumprir as normas trabalhistas, provid\u00eancias judiciais dever\u00e3o ser tomadas com urg\u00eancia. <\/strong><\/p>\n<p style=\"text-align: justify;\">\n<p style=\"text-align: justify;\"><strong>Diretoria do Sinpes.<\/strong><\/p>\n<!-- AddThis Advanced Settings generic via filter on the_content --><!-- AddThis Share Buttons generic via filter on the_content -->","protected":false},"excerpt":{"rendered":"<p>O cen\u00e1rio do Instituto de Ensino Superior Cam\u00f5es \u00e9 preocupante. Os professores t\u00eam esperado mais de 20 dias ap\u00f3s a data de pagamento para receber seus sal\u00e1rios. Os reajustes das \u00faltimas conven\u00e7\u00f5es coletivas n\u00e3o t\u00eam sido observados e os dep\u00f3sitos do FGTS de todos os professores est\u00e3o em atraso. Para agravar a situa\u00e7\u00e3o diversos professores [&hellip;]<!-- AddThis Advanced Settings generic via filter on wp_trim_excerpt --><!-- AddThis Share Buttons generic via filter on wp_trim_excerpt --><\/p>\n","protected":false},"author":2,"featured_media":0,"comment_status":"closed","ping_status":"open","sticky":false,"template":"","format":"standard","meta":{"footnotes":""},"categories":[120,18],"tags":[121],"class_list":["post-707","post","type-post","status-publish","format-standard","hentry","category-camoes","category-destaque","tag-camoes"],"_links":{"self":[{"href":"https:\/\/sinpes.org.br\/site\/wp-json\/wp\/v2\/posts\/707","targetHints":{"allow":["GET"]}}],"collection":[{"href":"https:\/\/sinpes.org.br\/site\/wp-json\/wp\/v2\/posts"}],"about":[{"href":"https:\/\/sinpes.org.br\/site\/wp-json\/wp\/v2\/types\/post"}],"author":[{"embeddable":true,"href":"https:\/\/sinpes.org.br\/site\/wp-json\/wp\/v2\/users\/2"}],"replies":[{"embeddable":true,"href":"https:\/\/sinpes.org.br\/site\/wp-json\/wp\/v2\/comments?post=707"}],"version-history":[{"count":1,"href":"https:\/\/sinpes.org.br\/site\/wp-json\/wp\/v2\/posts\/707\/revisions"}],"predecessor-version":[{"id":708,"href":"https:\/\/sinpes.org.br\/site\/wp-json\/wp\/v2\/posts\/707\/revisions\/708"}],"wp:attachment":[{"href":"https:\/\/sinpes.org.br\/site\/wp-json\/wp\/v2\/media?parent=707"}],"wp:term":[{"taxonomy":"category","embeddable":true,"href":"https:\/\/sinpes.org.br\/site\/wp-json\/wp\/v2\/categories?post=707"},{"taxonomy":"post_tag","embeddable":true,"href":"https:\/\/sinpes.org.br\/site\/wp-json\/wp\/v2\/tags?post=707"}],"curies":[{"name":"wp","href":"https:\/\/api.w.org\/{rel}","templated":true}]}}