{"id":705,"date":"2015-11-23T12:00:13","date_gmt":"2015-11-23T14:00:13","guid":{"rendered":"http:\/\/sinpes.org.br\/site\/?p=705"},"modified":"2016-03-15T14:50:51","modified_gmt":"2016-03-15T17:50:51","slug":"paciencia-tem-limite-salarios-atrasados-e-omissao-da-facel-preocupa-docentes","status":"publish","type":"post","link":"https:\/\/sinpes.org.br\/site\/paciencia-tem-limite-salarios-atrasados-e-omissao-da-facel-preocupa-docentes\/","title":{"rendered":"Paci\u00eancia Tem Limite: Sal\u00e1rios Atrasados e Omiss\u00e3o da Facel Preocupa Docentes"},"content":{"rendered":"<p style=\"text-align: justify;\">Os professores da Faculdade de Administra\u00e7\u00e3o, Ci\u00eancias, Educa\u00e7\u00e3o e Letras \u2013 FACEL \u2013 continuam sem receber o pagamento integral dos sal\u00e1rios o que vem causando preocupa\u00e7\u00e3o aos docentes, pois o final do ano letivo est\u00e1 chegando e at\u00e9 agora n\u00e3o se percebe nenhum sinal que se a situa\u00e7\u00e3o ser\u00e1 regularizada.<\/p>\n<p style=\"text-align: justify;\">O cen\u00e1rio \u00e9 preocupante. O Sinpes em reuni\u00e3o com a Facel no m\u00eas de setembro, de boa-f\u00e9 acatou o pedido da Institui\u00e7\u00e3o para adiamento por 30 dias da audi\u00eancia de instru\u00e7\u00e3o designada para o dia 22. Na oportunidade ouviu a promessa de que neste prazo seria concretizada a venda da institui\u00e7\u00e3o de ensino para um grupo econ\u00f4mico s\u00f3lido, que teria condi\u00e7\u00f5es de quitar todas as d\u00edvidas trabalhistas pendentes.<\/p>\n<p style=\"text-align: justify;\">Passado mais do que o dobro do prazo solicitado a Facel n\u00e3o apresentou nenhuma proposta para a regulariza\u00e7\u00e3o dos d\u00e9bitos e ao que se sabe, at\u00e9 o momento a prometida venda n\u00e3o se concretizou. Frustrada a venda, continua ser dos atuais propriet\u00e1rios da institui\u00e7\u00e3o de ensino a responsabilidade por honrar os direitos trabalhistas de seus empregados.<\/p>\n<p style=\"text-align: justify;\">Diante deste quadro encontra-se esgotada a paci\u00eancia dos dirigentes do Sinpes e dos professores, cujos sal\u00e1rios pendentes remontam ao m\u00eas de maio!<\/p>\n<p style=\"text-align: justify;\">Os alunos tamb\u00e9m est\u00e3o sendo profundamente prejudicados pela situa\u00e7\u00e3o. Em meio a todo esse caos e com a semana de provas se aproximando, os docentes receiam aplicar as provas, lan\u00e7ar as notas e simplesmente n\u00e3o receberem de vez pelos seus trabalhos.<\/p>\n<p style=\"text-align: justify;\">Diante desse caos, o <strong>Sinpes <\/strong><strong>(Sindicato dos Professores de Ensino Superior de Curitiba) <\/strong><strong>convoca os professores da Facel para Assembleia Geral a ser realizada no dia 27 de novembro de 2015, \u00e0s 19h00min, no Hotel Deville Curitiba, situado \u00e0 Rua Comendador Ara\u00fajo, n\u00ba 99, para a ado\u00e7\u00e3o de provid\u00eancias a respeito do cr\u00f4nico atraso salarial sofrido pelos docentes, que podem ir desde a reten\u00e7\u00e3o de notas bimestrais e n\u00e3o realiza\u00e7\u00e3o de provas finais at\u00e9 a deflagra\u00e7\u00e3o de greve por tempo indeterminado. <\/strong><\/p>\n<p style=\"text-align: justify;\"><strong>A partir de 24 de novembro se n\u00e3o quitados os sal\u00e1rios atrasados, a divulga\u00e7\u00e3o da assembleia contar\u00e1 com o apoio de um carro de som que circular\u00e1 nas cercanias da FACEL e das igrejas mantenedoras. <\/strong><\/p>\n<p style=\"text-align: justify;\"><strong>Com direito a voz, mas n\u00e3o a voto, s\u00e3o benvindos tamb\u00e9m os empregados n\u00e3o docentes e os alunos da institui\u00e7\u00e3o, sempre solid\u00e1rios com os seus professores quando os mesmos s\u00e3o desrespeitados como ocorre neste momento. <\/strong><\/p>\n<!-- AddThis Advanced Settings generic via filter on the_content --><!-- AddThis Share Buttons generic via filter on the_content -->","protected":false},"excerpt":{"rendered":"<p>Os professores da Faculdade de Administra\u00e7\u00e3o, Ci\u00eancias, Educa\u00e7\u00e3o e Letras \u2013 FACEL \u2013 continuam sem receber o pagamento integral dos sal\u00e1rios o que vem causando preocupa\u00e7\u00e3o aos docentes, pois o final do ano letivo est\u00e1 chegando e at\u00e9 agora n\u00e3o se percebe nenhum sinal que se a situa\u00e7\u00e3o ser\u00e1 regularizada. O cen\u00e1rio \u00e9 preocupante. O [&hellip;]<!-- AddThis Advanced Settings generic via filter on wp_trim_excerpt --><!-- AddThis Share Buttons generic via filter on wp_trim_excerpt --><\/p>\n","protected":false},"author":2,"featured_media":0,"comment_status":"closed","ping_status":"open","sticky":false,"template":"","format":"standard","meta":{"footnotes":""},"categories":[18,56],"tags":[87,57],"class_list":["post-705","post","type-post","status-publish","format-standard","hentry","category-destaque","category-facel","tag-atraso-salarial","tag-facel"],"_links":{"self":[{"href":"https:\/\/sinpes.org.br\/site\/wp-json\/wp\/v2\/posts\/705","targetHints":{"allow":["GET"]}}],"collection":[{"href":"https:\/\/sinpes.org.br\/site\/wp-json\/wp\/v2\/posts"}],"about":[{"href":"https:\/\/sinpes.org.br\/site\/wp-json\/wp\/v2\/types\/post"}],"author":[{"embeddable":true,"href":"https:\/\/sinpes.org.br\/site\/wp-json\/wp\/v2\/users\/2"}],"replies":[{"embeddable":true,"href":"https:\/\/sinpes.org.br\/site\/wp-json\/wp\/v2\/comments?post=705"}],"version-history":[{"count":1,"href":"https:\/\/sinpes.org.br\/site\/wp-json\/wp\/v2\/posts\/705\/revisions"}],"predecessor-version":[{"id":706,"href":"https:\/\/sinpes.org.br\/site\/wp-json\/wp\/v2\/posts\/705\/revisions\/706"}],"wp:attachment":[{"href":"https:\/\/sinpes.org.br\/site\/wp-json\/wp\/v2\/media?parent=705"}],"wp:term":[{"taxonomy":"category","embeddable":true,"href":"https:\/\/sinpes.org.br\/site\/wp-json\/wp\/v2\/categories?post=705"},{"taxonomy":"post_tag","embeddable":true,"href":"https:\/\/sinpes.org.br\/site\/wp-json\/wp\/v2\/tags?post=705"}],"curies":[{"name":"wp","href":"https:\/\/api.w.org\/{rel}","templated":true}]}}