{"id":628,"date":"2015-09-25T20:05:32","date_gmt":"2015-09-25T23:05:32","guid":{"rendered":"http:\/\/sinpes.org.br\/site\/?p=628"},"modified":"2015-10-29T12:32:08","modified_gmt":"2015-10-29T14:32:08","slug":"edital-de-convocacao","status":"publish","type":"post","link":"https:\/\/sinpes.org.br\/site\/edital-de-convocacao\/","title":{"rendered":"Edital de Convoca\u00e7\u00e3o"},"content":{"rendered":"<p style=\"text-align: justify;\">O SINPES \u2013 Sindicato dos Professores de Ensino Superior de Curitiba e Regi\u00e3o Metropolitana \u2013 convoca os professores interessados da Pontif\u00edcia Universidade Cat\u00f3lica do Paran\u00e1 \u2013PUC-PR para Assembleia a ser realizada no dia 29 de setembro de 2015 em primeira convoca\u00e7\u00e3o \u00e0s 11hh00min e em segunda convoca\u00e7\u00e3o \u00e0s 11h30min, no Audit\u00f3rio Carlos Costa \u2013 t\u00e9rreo do Bloco Verde, situado na sede da institui\u00e7\u00e3o &#8211; Rua Imaculada Concei\u00e7\u00e3o 1155, quando ser\u00e1 discutida a seguinte ordem do dia:<\/p>\n<ul style=\"text-align: justify;\">\n<li>Discuss\u00e3o, aprova\u00e7\u00e3o ou rejei\u00e7\u00e3o de minuta de 2 Termos Aditivos a Acordo Coletivo pactuado entre o o Sinpes e a PUC-PR em dezembro de 2014 com efeitos em rela\u00e7\u00e3o a parte dos professores identificada no site do Sinpes;<\/li>\n<\/ul>\n<ul style=\"text-align: justify;\">\n<li>Provid\u00eancias a serem tomadas para viabiliza\u00e7\u00e3o e execu\u00e7\u00e3o do item anterior inclusive com deflagra\u00e7\u00e3o de plebiscito a ser regulamentado pela assembleia;<\/li>\n<\/ul>\n<ul style=\"text-align: justify;\">\n<li>Assuntos Gerais.<\/li>\n<\/ul>\n<p style=\"text-align: justify;\">Curitiba, 25 de setembro de 2015.<\/p>\n<p style=\"text-align: justify;\"><strong>Valdyr Perrini<br \/>\nVice Presidente<\/strong><\/p>\n<p style=\"text-align: justify;\">\n<p style=\"text-align: justify;\">\n<!-- AddThis Advanced Settings generic via filter on the_content --><!-- AddThis Share Buttons generic via filter on the_content -->","protected":false},"excerpt":{"rendered":"<p>O SINPES \u2013 Sindicato dos Professores de Ensino Superior de Curitiba e Regi\u00e3o Metropolitana \u2013 convoca os professores interessados da Pontif\u00edcia Universidade Cat\u00f3lica do Paran\u00e1 \u2013PUC-PR para Assembleia a ser realizada no dia 29 de setembro de 2015 em primeira convoca\u00e7\u00e3o \u00e0s 11hh00min e em segunda convoca\u00e7\u00e3o \u00e0s 11h30min, no Audit\u00f3rio Carlos Costa \u2013 t\u00e9rreo [&hellip;]<!-- AddThis Advanced Settings generic via filter on wp_trim_excerpt --><!-- AddThis Share Buttons generic via filter on wp_trim_excerpt --><\/p>\n","protected":false},"author":2,"featured_media":0,"comment_status":"closed","ping_status":"open","sticky":false,"template":"","format":"standard","meta":{"footnotes":""},"categories":[5],"tags":[69],"class_list":["post-628","post","type-post","status-publish","format-standard","hentry","category-sinpes","tag-edital-de-convocacao"],"_links":{"self":[{"href":"https:\/\/sinpes.org.br\/site\/wp-json\/wp\/v2\/posts\/628","targetHints":{"allow":["GET"]}}],"collection":[{"href":"https:\/\/sinpes.org.br\/site\/wp-json\/wp\/v2\/posts"}],"about":[{"href":"https:\/\/sinpes.org.br\/site\/wp-json\/wp\/v2\/types\/post"}],"author":[{"embeddable":true,"href":"https:\/\/sinpes.org.br\/site\/wp-json\/wp\/v2\/users\/2"}],"replies":[{"embeddable":true,"href":"https:\/\/sinpes.org.br\/site\/wp-json\/wp\/v2\/comments?post=628"}],"version-history":[{"count":2,"href":"https:\/\/sinpes.org.br\/site\/wp-json\/wp\/v2\/posts\/628\/revisions"}],"predecessor-version":[{"id":631,"href":"https:\/\/sinpes.org.br\/site\/wp-json\/wp\/v2\/posts\/628\/revisions\/631"}],"wp:attachment":[{"href":"https:\/\/sinpes.org.br\/site\/wp-json\/wp\/v2\/media?parent=628"}],"wp:term":[{"taxonomy":"category","embeddable":true,"href":"https:\/\/sinpes.org.br\/site\/wp-json\/wp\/v2\/categories?post=628"},{"taxonomy":"post_tag","embeddable":true,"href":"https:\/\/sinpes.org.br\/site\/wp-json\/wp\/v2\/tags?post=628"}],"curies":[{"name":"wp","href":"https:\/\/api.w.org\/{rel}","templated":true}]}}