{"id":617,"date":"2015-09-23T20:18:31","date_gmt":"2015-09-23T23:18:31","guid":{"rendered":"http:\/\/sinpes.org.br\/site\/?p=617"},"modified":"2015-10-29T16:06:54","modified_gmt":"2015-10-29T18:06:54","slug":"professores-da-puc-pr","status":"publish","type":"post","link":"https:\/\/sinpes.org.br\/site\/professores-da-puc-pr\/","title":{"rendered":"Professores da PUC-PR"},"content":{"rendered":"<p><a class=\"fasc-button fasc-size-medium fasc-type-glossy fasc-rounded-medium fasc-ico-before dashicons-admin-links\" style=\"background-color: #33809e; color: #ffffff;\" href=\"http:\/\/sinpes.org.br\/site\/?p=596\" target=\"_blank\" data-fasc-style=\"background-color:#33809e;color:#ffffff;\">1\u00ba Termo Aditivo<\/a> <a class=\"fasc-button fasc-size-medium fasc-type-glossy fasc-rounded-medium fasc-ico-before dashicons-admin-links\" style=\"background-color: #31adde; color: #ffffff;\" href=\"http:\/\/sinpes.org.br\/site\/?p=621\" target=\"_blank\" data-fasc-style=\"background-color:#31adde;color:#ffffff;\">2\u00ba Termo Aditivo<\/a><a class=\"fasc-button fasc-size-medium fasc-type-glossy fasc-rounded-medium fasc-ico-before dashicons-admin-links\" style=\"background-color: #31adde; color: #ffffff;\" href=\"http:\/\/sinpes.org.br\/site\/?p=625\" data-fasc-style=\"background-color:#31adde;color:#ffffff;\">RELA\u00c7\u00c3O DOS PROFESSORES AFETADOS PELO SEGUNDO TERMO ADITIVO<\/a><\/p>\n<p><!--more--><\/p>\n<p style=\"text-align: center;\"><strong>PROFESSORES DA PUCPR:<\/strong><\/p>\n<p style=\"text-align: justify;\">Ap\u00f3s exaustivas negocia\u00e7\u00f5es foram conclu\u00eddas as minutas dos termos aditivos ao acordo coletivo de trabalho celebrado em 05 de dezembro de 2014, que t\u00eam por objetivo aperfei\u00e7oar o que foi originalmente negociado.<\/p>\n<p style=\"text-align: justify;\">O primeiro diz respeito t\u00e3o somente \u00e0 regulamenta\u00e7\u00e3o do TDE daqueles professores que compartilham disciplinas e a fixa\u00e7\u00e3o de uma data para pagamento que permita a aferi\u00e7\u00e3o de quem efetivamente faz jus ao recebimento.<\/p>\n<p style=\"text-align: justify;\">J\u00e1 o segundo cont\u00e9m quest\u00f5es mais complexas que ser\u00e3o aprofundadas em assembleia geral da categoria e em reuni\u00f5es realizadas nas salas dos professores das diversas escolas. Volta-se precipuamente para:<\/p>\n<p style=\"text-align: justify; padding-left: 30px;\">&#8211; sanar equ\u00edvocos perpetrados quando da apura\u00e7\u00e3o dos valores devidos a t\u00edtulo de gratifica\u00e7\u00e3o substitutiva das horas complementares (veja cl\u00e1usula primeira do ajuste) e estabelecer diretrizes para o ressarcimento das diferen\u00e7as da\u00ed decorrentes com efeitos retroativos a janeiro de 2015, em valores j\u00e1 informados aos professores interessados;<\/p>\n<p style=\"text-align: justify; padding-left: 30px;\">&#8211; trazer indicativos de crit\u00e9rios de negocia\u00e7\u00e3o no que se refere \u00e0queles professores que receberam indeniza\u00e7\u00f5es superiores \u00e0s efetivamente devidas, conferidas pelo Sinpes por amostragem, evitando-se assim descontos abusivos, conforme cl\u00e1usula terceira do ajuste;<\/p>\n<p style=\"text-align: justify; padding-left: 30px;\">&#8211; minimizar mediante concess\u00f5es rec\u00edprocas os preju\u00edzos dos professores que n\u00e3o receberam uma contrapartida em atividades n\u00e3o letivas compat\u00edvel com as horas de complementa\u00e7\u00e3o pedag\u00f3gica que vinham recebendo mensalmente pela sistem\u00e1tica anterior e que, por isso, sofreram significativa redu\u00e7\u00e3o salarial em face da supress\u00e3o dos reflexos das horas complementares pagas at\u00e9 dezembro de 2014 sobre quinqu\u00eanios, tri\u00eanios, gratifica\u00e7\u00f5es de mestrado, de doutorado e de apoio \u00e0 atividade de ensino (veja cl\u00e1usula quarta do termo aditivo).<\/p>\n<p style=\"text-align: justify;\">Neste particular as concess\u00f5es obtidas ficaram aqu\u00e9m das pretens\u00f5es formuladas pelo Sinpes. Isto porque a gratifica\u00e7\u00e3o tempor\u00e1ria concebida para ser paga entre julho de 2015 e dezembro de 2016 no percentual de 30% sobre o valor correspondente \u00e0 diferen\u00e7a entre o n\u00famero de horas aulas recebido a t\u00edtulo de horas complementares em novembro de 2014 e o n\u00famero de horas aulas acrescido ao total de horas restantes ap\u00f3s a supress\u00e3o das horas complementares aos sal\u00e1rios dos professores, em alguns casos pode n\u00e3o representar valor igual ou superior ao que foi reduzido do sal\u00e1rio do professor (depende, em cada caso, do valor recebido a t\u00edtulo de gratifica\u00e7\u00e3o substitutiva agora corrigido).<\/p>\n<p style=\"text-align: justify;\">Entretanto, considerando a inconveni\u00eancia de se atribuir a solu\u00e7\u00e3o destas pend\u00eancias ao crivo do Poder Judici\u00e1rio, dada a natural morosidade da decis\u00e3o e os riscos concretos que pairam sobre ambas as partes, o Sinpes reputou conveniente defender perante a categoria a aprova\u00e7\u00e3o deste termo aditivo.<\/p>\n<p style=\"text-align: justify;\"><strong>Por isto convoca todos os professores interessados (vide lista dispon\u00edvel nos murais da APPUC) \u00e0 Assembleia Geral em que ser\u00e3o debatidos os termos aditivos \u00e0s 11 horas do dia 29 de setembro no audit\u00f3rio Carlos Costa no andar t\u00e9rreo do Bloco Verde do Campus e nas reuni\u00f5es a serem realizadas nas salas dos professores nos hor\u00e1rios constantes do verso.<\/strong><\/p>\n<p style=\"text-align: justify;\"><strong>COMPARE\u00c7A \u00c0S REUNI\u00d5ES DE ESCLARECIMENTOS E ASSEMBLEIA AGENDADA CONFORME CRONOGRAMA:<\/strong><\/p>\n<p style=\"text-align: center;\"><strong>REUNI\u00d5ES NA SALA DOS PROFESSORES<\/strong><\/p>\n<ul>\n<li style=\"text-align: justify;\"><strong>09h20min &#8211; 29.09.2015 &#8211; Ter\u00e7a-Feira:<\/strong> Escola de Direito e Escola de Comunica\u00e7\u00e3o e Artes &#8211; Bloco Vermelho<\/li>\n<li style=\"text-align: justify;\"><strong>09h20min &#8211; 30.09.2015 \u2013 Quarta-Feira<\/strong><strong> &#8211;<\/strong> Escola de Neg\u00f3cio &#8211; Bloco Laranja<\/li>\n<li style=\"text-align: justify;\"><strong>09h20min &#8211; 01.10.2015 \u2013 Quinta-Feira<\/strong><strong> &#8211;<\/strong> Escola de Sa\u00fade e Bioci\u00eancias e Escola de Medicina &#8211; Bloco Verde<\/li>\n<li style=\"text-align: justify;\"><strong>09h20min &#8211; 06.10.2015 \u2013 Ter\u00e7a-Feira <\/strong><strong> &#8211;<\/strong> Escola de Arquitetura e Design \u2013 Bloco Azul<\/li>\n<li style=\"text-align: justify;\"><strong>09h20min &#8211; 08.10.2015 \u2013 Quinta-Feira<\/strong><strong> &#8211;<\/strong> Escola de Educa\u00e7\u00e3o e Humanidade, Escola de Ci\u00eancias Agr\u00e1rias e Medicina Veterin\u00e1ria &#8211; Bloco Amarelo<\/li>\n<li style=\"text-align: justify;\"><strong>18h30min &#8211; 30.09.2015 \u2013 Quarta-Feira &#8211;<\/strong> Escola de Direito e Escola de Comunica\u00e7\u00e3o e Artes \u2013 Bloco Vermelho<\/li>\n<li style=\"text-align: justify;\"><strong>18h30min &#8211; 01.10.2015 \u2013 Quinta-Feira<\/strong><strong> &#8211;<\/strong> Escola de Sa\u00fade e Bioci\u00eancias e Escola de Medicina &#8211; Bloco Verde<\/li>\n<li style=\"text-align: justify;\"><strong>18h30min &#8211; 06.10.2015 \u2013 Ter\u00e7a-Feira <\/strong><strong> &#8211;<\/strong> Escola de Arquitetura e Design \u2013 Bloco Azul<\/li>\n<li style=\"text-align: justify;\"><strong>18h30min &#8211; 08.10.2015 \u2013 Quinta-Feira<\/strong><strong> &#8211;<\/strong> Escola de Educa\u00e7\u00e3o e Humanidade, Escola de Ci\u00eancias Agr\u00e1rias e Medicina Veterin\u00e1ria &#8211; Bloco Amarelo<\/li>\n<\/ul>\n<p style=\"text-align: justify;\"><strong>AS URNAS ESTAR\u00c3O \u00c0 DISPOSI\u00c7\u00c3O DOS DOCENTES NAS PRINCIPAIS SALAS DE PROFESSORES DO CAMPUS DE CURITIBA E DE S\u00c3O JOS\u00c9 DOS PINHAIS DE 05.10.2015 A 09.10.2015, ASSIM COMO NA SESS\u00c3O P\u00daBLICA DA ASSEMBLEIA, DIA 29.09.2015 \u00c0S 11H NO AUDIT\u00d3RIO CARLOS COSTA\u2013 BLOCO VERDE<br \/>\n<\/strong><\/p>\n<p style=\"text-align: justify;\"><strong>\u00a0<\/strong><\/p>\n<p style=\"text-align: justify;\">Maiores informa\u00e7\u00f5es e o teor completo dos termos aditivos nos murais da APPUC e no site do Sinpes: <a href=\"http:\/\/www.sinpes.org.br\">www.sinpes.org.br<\/a><\/p>\n<!-- AddThis Advanced Settings generic via filter on the_content --><!-- AddThis Share Buttons generic via filter on the_content -->","protected":false},"excerpt":{"rendered":"<p>1\u00ba Termo Aditivo 2\u00ba Termo AditivoRELA\u00c7\u00c3O DOS PROFESSORES AFETADOS PELO SEGUNDO TERMO ADITIVO<!-- AddThis Advanced Settings generic via filter on wp_trim_excerpt --><!-- AddThis Share Buttons generic via filter on wp_trim_excerpt --><\/p>\n","protected":false},"author":2,"featured_media":347,"comment_status":"closed","ping_status":"open","sticky":false,"template":"","format":"standard","meta":{"footnotes":""},"categories":[13,2],"tags":[22,61],"class_list":["post-617","post","type-post","status-publish","format-standard","has-post-thumbnail","hentry","category-home","category-puc","tag-professores","tag-puc"],"_links":{"self":[{"href":"https:\/\/sinpes.org.br\/site\/wp-json\/wp\/v2\/posts\/617","targetHints":{"allow":["GET"]}}],"collection":[{"href":"https:\/\/sinpes.org.br\/site\/wp-json\/wp\/v2\/posts"}],"about":[{"href":"https:\/\/sinpes.org.br\/site\/wp-json\/wp\/v2\/types\/post"}],"author":[{"embeddable":true,"href":"https:\/\/sinpes.org.br\/site\/wp-json\/wp\/v2\/users\/2"}],"replies":[{"embeddable":true,"href":"https:\/\/sinpes.org.br\/site\/wp-json\/wp\/v2\/comments?post=617"}],"version-history":[{"count":7,"href":"https:\/\/sinpes.org.br\/site\/wp-json\/wp\/v2\/posts\/617\/revisions"}],"predecessor-version":[{"id":687,"href":"https:\/\/sinpes.org.br\/site\/wp-json\/wp\/v2\/posts\/617\/revisions\/687"}],"wp:featuredmedia":[{"embeddable":true,"href":"https:\/\/sinpes.org.br\/site\/wp-json\/wp\/v2\/media\/347"}],"wp:attachment":[{"href":"https:\/\/sinpes.org.br\/site\/wp-json\/wp\/v2\/media?parent=617"}],"wp:term":[{"taxonomy":"category","embeddable":true,"href":"https:\/\/sinpes.org.br\/site\/wp-json\/wp\/v2\/categories?post=617"},{"taxonomy":"post_tag","embeddable":true,"href":"https:\/\/sinpes.org.br\/site\/wp-json\/wp\/v2\/tags?post=617"}],"curies":[{"name":"wp","href":"https:\/\/api.w.org\/{rel}","templated":true}]}}