{"id":581,"date":"2015-08-24T20:13:21","date_gmt":"2015-08-24T23:13:21","guid":{"rendered":"http:\/\/sinpes.org.br\/site\/?p=581"},"modified":"2015-08-27T08:17:25","modified_gmt":"2015-08-27T11:17:25","slug":"assembleia-geral-diz-nao-ao-reajuste-discriminatorio-de-75-e-eleva-o-tom-da-reivindicacao-por-salarios-condignos","status":"publish","type":"post","link":"https:\/\/sinpes.org.br\/site\/assembleia-geral-diz-nao-ao-reajuste-discriminatorio-de-75-e-eleva-o-tom-da-reivindicacao-por-salarios-condignos\/","title":{"rendered":"Assembleia geral diz n\u00e3o ao reajuste discriminat\u00f3rio de 7,5% e eleva o tom da reivindica\u00e7\u00e3o por sal\u00e1rios condignos"},"content":{"rendered":"<p><a class=\"fasc-button fasc-size-medium fasc-type-glossy fasc-rounded-medium fasc-ico-before dashicons-admin-links\" style=\"background-color: #33809e; color: #ffffff;\" href=\"http:\/\/sinpes.org.br\/site\/wp-content\/uploads\/2015\/08\/panfleto-assembleia_v2.pdf\" target=\"_blank\" data-fasc-style=\"background-color:#33809e;color:#ffffff;\">Panfleto Assembleia<\/a><\/p>\n<!-- AddThis Advanced Settings generic via filter on the_content --><!-- AddThis Share Buttons generic via filter on the_content -->","protected":false},"excerpt":{"rendered":"<p>Panfleto Assembleia<!-- AddThis Advanced Settings generic via filter on wp_trim_excerpt --><!-- AddThis Share Buttons generic via filter on wp_trim_excerpt --><\/p>\n","protected":false},"author":2,"featured_media":582,"comment_status":"closed","ping_status":"open","sticky":false,"template":"","format":"standard","meta":{"footnotes":""},"categories":[18,13],"tags":[60],"class_list":["post-581","post","type-post","status-publish","format-standard","has-post-thumbnail","hentry","category-destaque","category-home","tag-assembleia-geral"],"_links":{"self":[{"href":"https:\/\/sinpes.org.br\/site\/wp-json\/wp\/v2\/posts\/581","targetHints":{"allow":["GET"]}}],"collection":[{"href":"https:\/\/sinpes.org.br\/site\/wp-json\/wp\/v2\/posts"}],"about":[{"href":"https:\/\/sinpes.org.br\/site\/wp-json\/wp\/v2\/types\/post"}],"author":[{"embeddable":true,"href":"https:\/\/sinpes.org.br\/site\/wp-json\/wp\/v2\/users\/2"}],"replies":[{"embeddable":true,"href":"https:\/\/sinpes.org.br\/site\/wp-json\/wp\/v2\/comments?post=581"}],"version-history":[{"count":4,"href":"https:\/\/sinpes.org.br\/site\/wp-json\/wp\/v2\/posts\/581\/revisions"}],"predecessor-version":[{"id":587,"href":"https:\/\/sinpes.org.br\/site\/wp-json\/wp\/v2\/posts\/581\/revisions\/587"}],"wp:featuredmedia":[{"embeddable":true,"href":"https:\/\/sinpes.org.br\/site\/wp-json\/wp\/v2\/media\/582"}],"wp:attachment":[{"href":"https:\/\/sinpes.org.br\/site\/wp-json\/wp\/v2\/media?parent=581"}],"wp:term":[{"taxonomy":"category","embeddable":true,"href":"https:\/\/sinpes.org.br\/site\/wp-json\/wp\/v2\/categories?post=581"},{"taxonomy":"post_tag","embeddable":true,"href":"https:\/\/sinpes.org.br\/site\/wp-json\/wp\/v2\/tags?post=581"}],"curies":[{"name":"wp","href":"https:\/\/api.w.org\/{rel}","templated":true}]}}