{"id":577,"date":"2015-08-20T16:13:02","date_gmt":"2015-08-20T19:13:02","guid":{"rendered":"http:\/\/sinpes.org.br\/site\/?p=577"},"modified":"2015-10-29T12:35:03","modified_gmt":"2015-10-29T14:35:03","slug":"sinpes-esta-atento-para-garantir-pagamento-atrasado-de-professores","status":"publish","type":"post","link":"https:\/\/sinpes.org.br\/site\/sinpes-esta-atento-para-garantir-pagamento-atrasado-de-professores\/","title":{"rendered":"Sinpes est\u00e1 atento para garantir pagamento atrasado de professores"},"content":{"rendered":"<p style=\"text-align: justify;\">Apesar do compromisso dos dirigentes da FACEL de que manteriam em dia os sal\u00e1rios dos professores, os docentes voltaram a ficar sem receber integralmente o que lhes \u00e9 devido. A den\u00fancia foi feita ao Sinpes &#8211; Sindicato dos Professores de Ensino Superior de Curitiba e Regi\u00e3o Metropolitana \u2013 por professores que receberam apenas 47% do sal\u00e1rio de maio<!--more-->, nada receberam no tocante a junho e, na primeira semana de agosto, apenas 30% do sal\u00e1rio de julho.<\/p>\n<p style=\"text-align: justify;\">A situa\u00e7\u00e3o fica ainda mais grave porque se comenta, dentro da FACEL, de que essa forma \u201cparcelada\u201d de pagamento, teria sido ajustada com o sindicato, o que de forma alguma procede.<\/p>\n<p style=\"text-align: justify;\">Em Assembleia Geral realizada no come\u00e7o de junho, o Sinpes sugeriu que os pagamentos atrasados fossem feitos de forma proporcional at\u00e9 serem totalmente regularizados, contemplando todos os professores simultaneamente, e n\u00e3o beneficiando alguns em detrimento de outros, como vinha acontecendo.<\/p>\n<p style=\"text-align: justify;\">Tal sugest\u00e3o foi deturpada j\u00e1 que de forma alguma representa salvo conduto para que a institui\u00e7\u00e3o de ensino pague parte do sal\u00e1rio de um m\u00eas sem ter quitado completamente o m\u00eas anterior, como vem fazendo com intento de confundir os professores e os ju\u00edzes trabalhistas que analisam as a\u00e7\u00f5es ajuizadas pelo Sinpes. Trata-se de uma manobra para confundir a Justi\u00e7a do Trabalho, j\u00e1 que um \u201cpagamento parcial\u201d mensal camuflaria a situa\u00e7\u00e3o, dificultando em um primeiro momento, a identifica\u00e7\u00e3o da aus\u00eancia do recebimento integral por todo o corpo docente.<\/p>\n<p style=\"text-align: justify;\">Na \u00e9poca da Assembleia, alertada de que o protesto ganharia o apoio de um caminh\u00e3o com autofalante nos minutos que antecedem o in\u00edcio das aulas matutinas e noturnas, a mantenedora obteve repentinamente o numer\u00e1rio para colocar em dia os sal\u00e1rios de seus professores.<\/p>\n<p style=\"text-align: justify;\">O Sinpes somente n\u00e3o retomou ainda a plena mobiliza\u00e7\u00e3o para o pagamento pontual dos sal\u00e1rios a pedido de alguns professores, que sustentam que a presen\u00e7a do caminh\u00e3o de som e a convoca\u00e7\u00e3o radiof\u00f4nica para assembleia, prejudicariam a venda da FACEL para um grupo educacional interessado, que estaria na imin\u00eancia de ocorrer.<\/p>\n<p style=\"text-align: justify;\">Como a situa\u00e7\u00e3o est\u00e1 insuport\u00e1vel, o SINPES d\u00e1 prazo de 30 dias para que a venda da institui\u00e7\u00e3o de ensino seja concretizada e os sal\u00e1rios sejam colocados em dia (com ou sem venda). Exaurido este prazo, ser\u00e1 retomada a mobiliza\u00e7\u00e3o com a convoca\u00e7\u00e3o p\u00fablica de nova assembleia geral para que os professores, que n\u00e3o podem suportar indefinidamente tantos desmandos, deliberem, por vota\u00e7\u00e3o secreta, quais os passos a serem dados para for\u00e7ar a normaliza\u00e7\u00e3o de seus direitos trabalhistas.<\/p>\n<p style=\"text-align: justify;\">No \u00e2mbito do Poder Judici\u00e1rio o Sinpes insiste no deferimento de liminar pretendida perante a 13\u00aa Vara do Trabalho de Curitiba, para que as mensalidades escolares sejam bloqueadas e utilizadas prioritariamente para pagamento dos sal\u00e1rios atrasados, a exemplo do j\u00e1 conseguido com sucesso nas Faculdades Evang\u00e9lica e Esp\u00edrita.<\/p>\n<!-- AddThis Advanced Settings generic via filter on the_content --><!-- AddThis Share Buttons generic via filter on the_content -->","protected":false},"excerpt":{"rendered":"<p>Apesar do compromisso dos dirigentes da FACEL de que manteriam em dia os sal\u00e1rios dos professores, os docentes voltaram a ficar sem receber integralmente o que lhes \u00e9 devido. A den\u00fancia foi feita ao Sinpes &#8211; Sindicato dos Professores de Ensino Superior de Curitiba e Regi\u00e3o Metropolitana \u2013 por professores que receberam apenas 47% do [&hellip;]<!-- AddThis Advanced Settings generic via filter on wp_trim_excerpt --><!-- AddThis Share Buttons generic via filter on wp_trim_excerpt --><\/p>\n","protected":false},"author":2,"featured_media":574,"comment_status":"closed","ping_status":"open","sticky":false,"template":"","format":"standard","meta":{"footnotes":""},"categories":[6,18,13,5],"tags":[47,22,62],"class_list":["post-577","post","type-post","status-publish","format-standard","has-post-thumbnail","hentry","category-acoes-judiciais","category-destaque","category-home","category-sinpes","tag-pagamentos","tag-professores","tag-sinpes"],"_links":{"self":[{"href":"https:\/\/sinpes.org.br\/site\/wp-json\/wp\/v2\/posts\/577","targetHints":{"allow":["GET"]}}],"collection":[{"href":"https:\/\/sinpes.org.br\/site\/wp-json\/wp\/v2\/posts"}],"about":[{"href":"https:\/\/sinpes.org.br\/site\/wp-json\/wp\/v2\/types\/post"}],"author":[{"embeddable":true,"href":"https:\/\/sinpes.org.br\/site\/wp-json\/wp\/v2\/users\/2"}],"replies":[{"embeddable":true,"href":"https:\/\/sinpes.org.br\/site\/wp-json\/wp\/v2\/comments?post=577"}],"version-history":[{"count":3,"href":"https:\/\/sinpes.org.br\/site\/wp-json\/wp\/v2\/posts\/577\/revisions"}],"predecessor-version":[{"id":580,"href":"https:\/\/sinpes.org.br\/site\/wp-json\/wp\/v2\/posts\/577\/revisions\/580"}],"wp:featuredmedia":[{"embeddable":true,"href":"https:\/\/sinpes.org.br\/site\/wp-json\/wp\/v2\/media\/574"}],"wp:attachment":[{"href":"https:\/\/sinpes.org.br\/site\/wp-json\/wp\/v2\/media?parent=577"}],"wp:term":[{"taxonomy":"category","embeddable":true,"href":"https:\/\/sinpes.org.br\/site\/wp-json\/wp\/v2\/categories?post=577"},{"taxonomy":"post_tag","embeddable":true,"href":"https:\/\/sinpes.org.br\/site\/wp-json\/wp\/v2\/tags?post=577"}],"curies":[{"name":"wp","href":"https:\/\/api.w.org\/{rel}","templated":true}]}}