{"id":57,"date":"2014-02-05T23:08:55","date_gmt":"2014-02-06T01:08:55","guid":{"rendered":"http:\/\/sinpes.org.br\/site\/?p=57"},"modified":"2015-10-29T16:16:46","modified_gmt":"2015-10-29T18:16:46","slug":"espirita-proposta-de-regulamentacao-da-demissao-coletiva-dos-professores","status":"publish","type":"post","link":"https:\/\/sinpes.org.br\/site\/espirita-proposta-de-regulamentacao-da-demissao-coletiva-dos-professores\/","title":{"rendered":"Esp\u00edrita \u2013 proposta de regulamenta\u00e7\u00e3o da demiss\u00e3o coletiva dos professores"},"content":{"rendered":"<p style=\"text-align: justify;\">A contraproposta patronal ser\u00e1 examinada em Assembleia Geral oportunamente convocada. Ela surgir\u00e1 das negocia\u00e7\u00f5es que ser\u00e3o feitas entre a Diretoria do Sinpes (acompanhada de uma comiss\u00e3o de professores designada na assembleia) e a Dire\u00e7\u00e3o da Esp\u00edrita, iniciadas em reuni\u00e3o agendada para o dia 04 de janeiro de 2014, \u00e0s 10h00min.<\/p>\n<p style=\"text-align: justify;\"><a class=\"style7\" href=\"http:\/\/sinpes.org.br\/site\/?p=59\">Clique aqui<\/a> e confira a Proposta de Regulamenta\u00e7\u00e3o<\/p>\n<!-- AddThis Advanced Settings generic via filter on the_content --><!-- AddThis Share Buttons generic via filter on the_content -->","protected":false},"excerpt":{"rendered":"<p>A contraproposta patronal ser\u00e1 examinada em Assembleia Geral oportunamente convocada. Ela surgir\u00e1 das negocia\u00e7\u00f5es que ser\u00e3o feitas entre a Diretoria do Sinpes (acompanhada de uma comiss\u00e3o de professores designada na assembleia) e a Dire\u00e7\u00e3o da Esp\u00edrita, iniciadas em reuni\u00e3o agendada para o dia 04 de janeiro de 2014, \u00e0s 10h00min. Clique aqui e confira a [&hellip;]<!-- AddThis Advanced Settings generic via filter on wp_trim_excerpt --><!-- AddThis Share Buttons generic via filter on wp_trim_excerpt --><\/p>\n","protected":false},"author":2,"featured_media":0,"comment_status":"closed","ping_status":"open","sticky":false,"template":"","format":"standard","meta":{"footnotes":""},"categories":[3],"tags":[35,44,22,79],"class_list":["post-57","post","type-post","status-publish","format-standard","hentry","category-espirita","tag-demissao","tag-espirita","tag-professores","tag-regulamentacao"],"_links":{"self":[{"href":"https:\/\/sinpes.org.br\/site\/wp-json\/wp\/v2\/posts\/57","targetHints":{"allow":["GET"]}}],"collection":[{"href":"https:\/\/sinpes.org.br\/site\/wp-json\/wp\/v2\/posts"}],"about":[{"href":"https:\/\/sinpes.org.br\/site\/wp-json\/wp\/v2\/types\/post"}],"author":[{"embeddable":true,"href":"https:\/\/sinpes.org.br\/site\/wp-json\/wp\/v2\/users\/2"}],"replies":[{"embeddable":true,"href":"https:\/\/sinpes.org.br\/site\/wp-json\/wp\/v2\/comments?post=57"}],"version-history":[{"count":2,"href":"https:\/\/sinpes.org.br\/site\/wp-json\/wp\/v2\/posts\/57\/revisions"}],"predecessor-version":[{"id":61,"href":"https:\/\/sinpes.org.br\/site\/wp-json\/wp\/v2\/posts\/57\/revisions\/61"}],"wp:attachment":[{"href":"https:\/\/sinpes.org.br\/site\/wp-json\/wp\/v2\/media?parent=57"}],"wp:term":[{"taxonomy":"category","embeddable":true,"href":"https:\/\/sinpes.org.br\/site\/wp-json\/wp\/v2\/categories?post=57"},{"taxonomy":"post_tag","embeddable":true,"href":"https:\/\/sinpes.org.br\/site\/wp-json\/wp\/v2\/tags?post=57"}],"curies":[{"name":"wp","href":"https:\/\/api.w.org\/{rel}","templated":true}]}}