{"id":561,"date":"2015-06-27T14:04:37","date_gmt":"2015-06-27T17:04:37","guid":{"rendered":"http:\/\/sinpes.org.br\/site\/?p=561"},"modified":"2015-10-29T12:36:29","modified_gmt":"2015-10-29T14:36:29","slug":"sinpes-garante-pagamento-de-professores-da-facel-e-evita-a-paralisacao-das-atividades-mas-a-crise-continua","status":"publish","type":"post","link":"https:\/\/sinpes.org.br\/site\/sinpes-garante-pagamento-de-professores-da-facel-e-evita-a-paralisacao-das-atividades-mas-a-crise-continua\/","title":{"rendered":"Sinpes garante pagamento de professores da Facel e evita a paralisa\u00e7\u00e3o das atividades, mas a crise continua"},"content":{"rendered":"<p style=\"text-align: justify;\">Ap\u00f3s ficarem sem seus sal\u00e1rios durante os meses de fevereiro, mar\u00e7o e abril, finalmente os professores da Faculdade de Administra\u00e7\u00e3o, Ci\u00eancias, Educa\u00e7\u00e3o e Letras \u2013 FACEL &#8211; <!--more-->conseguiram receber estes pagamentos no in\u00edcio do m\u00eas de junho. Em fun\u00e7\u00e3o dos atrasos, os professores chegaram a cogitar a possibilidade de paralisar as atividades. O Sinpes <strong>interveio com firmeza e garantiu o pagamento dos sal\u00e1rios mediante decisiva mobiliza\u00e7\u00e3o, evitando assim, a deflagra\u00e7\u00e3o de greve, \u00faltimo recurso ao alcance dos trabalhadores para fazerem valer seus direitos.<\/strong><\/p>\n<p style=\"text-align: justify;\"><strong>O aviso de que seria utilizado sistema de autofalantes em caminh\u00e3o de som para convocar professores e alunos para uma <\/strong>Assembleia Geral, realizada no dia 02 de junho de 2015 sensibilizou a empregadora, que colocou em dia os sal\u00e1rios at\u00e9 o m\u00eas de abril.<\/p>\n<p style=\"text-align: justify;\">Mesmo com os sal\u00e1rios em dia, o Sinpes manteve a assembleia convocada. L\u00e1 compareceram professores das mais diversas correntes de opini\u00e3o. Alguns entendendo que o sindicato teria exagerado na press\u00e3o desencadeada, fato que poderia redundar na evas\u00e3o de alunos e agravar ainda mais a crise. Outros apoiando de forma enf\u00e1tica a atua\u00e7\u00e3o do Sinpes e inclusive se posicionando contra a postura de alguns Coordenadores que insistem em demonizar o movimento sindical.<\/p>\n<p style=\"text-align: justify;\"><strong>Desde 2012 h\u00e1 uma a\u00e7\u00e3o contra a FACEL na Justi\u00e7a, que j\u00e1 determinou o pagamento do FGTS e da multa pelos atrasos salariais. Da decis\u00e3o que assim se posicionou pode ainda haver recurso para o Tribunal Regional do Trabalho.<\/strong><\/p>\n<p style=\"text-align: justify;\"><strong>Outra a\u00e7\u00e3o em tramita\u00e7\u00e3o foi ajuizada no final de 2014. Ali se postula o pagamento em dia dos sal\u00e1rios e medida liminar que garanta o bloqueio das mensalidades at\u00e9 o pagamento integral da remunera\u00e7\u00e3o de professores e demais empregados, a exemplo do que j\u00e1 foi obtido com sucesso pelo Sinpes contra a Esp\u00edrita e a Evang\u00e9lica.<\/strong><\/p>\n<p style=\"text-align: justify;\"><strong>Em audi\u00eancia realizada no dia 23.06.2015 nestes \u00faltimos autos foi concedido prazo para a empregadora demonstrar o efetivo pagamento dos sal\u00e1rios devidos neste ano de 2015. Ao que se sabe at\u00e9 agora teriam sido pagos apenas 25% do sal\u00e1rio referente ao m\u00eas de maio. Em ata ficou consignado um compromisso da mantenedora de regularizar os atrasos salariais somente a partir do m\u00eas de outubro.<\/strong><\/p>\n<p style=\"text-align: justify;\">O Sinpes repudia as justificativas da FACEL para os reiterados atrasos, visto que institui\u00e7\u00f5es de ensino menores e com n\u00famero bem mais reduzido de alunos v\u00eam conseguindo cumprir satisfatoriamente suas obriga\u00e7\u00f5es trabalhistas. E atribui o n\u00e3o pagamento pontual dos sal\u00e1rios e a aus\u00eancia de dep\u00f3sitos do FGTS \u00e0 m\u00e1 administra\u00e7\u00e3o e ao desrespeito cr\u00f4nico nutrido pelos dirigentes ao corpo docente e aos demais empregados.<\/p>\n<p style=\"text-align: justify;\"><strong>Com o deferimento da liminar pretendida, que deve ser analisada a qualquer momento, imediatamente seria regularizada a condi\u00e7\u00e3o salarial dos professores, na medida em que as mensalidades escolares seriam canalizadas prioritariamente para a quita\u00e7\u00e3o da remunera\u00e7\u00e3o dos empregados! O Sinpes continua alerta e acompanhando atentamente o desenrolar dos fatos, com o objetivo de agir com presteza na defesa dos direitos trabalhistas dos professores.<\/strong><\/p>\n<p style=\"text-align: justify;\"><strong>SINPES &#8211; Sindicato dos Professores de Ensino Superior de Curitiba e Regi\u00e3o Metropolitana.<\/strong><\/p>\n<p style=\"text-align: justify;\">Endere\u00e7o: Rua Marechal Deodoro, 869 cj. 606<br \/>\nCep: 80060 -010<br \/>\nCuritiba- Paran\u00e1\u00a0\u00a0 Tel: (41) 3225-1041 \/ (41) 3323-6867\u00a0\u00a0\u00a0\u00a0 Telefone\/fax: +55 41 3225-1041<\/p>\n<p style=\"text-align: justify;\">Site: <a href=\"http:\/\/www.sinpes.org.br\">www.sinpes.org.br<\/a> \u00a0\u00a0\u00a0Email: <a href=\"mailto:sinpes@sinpes.org.br\">sinpes@sinpes.org.br<\/a><\/p>\n<p style=\"text-align: justify;\"><a class=\"fasc-button fasc-size-medium fasc-type-glossy fasc-rounded-medium fasc-ico-before dashicons-admin-links\" style=\"background-color: #33809e; color: #ffffff;\" href=\"http:\/\/sinpes.org.br\/site\/wp-content\/uploads\/2015\/06\/Ata-Audiencia-Facel.pdf\" target=\"_blank\" data-fasc-style=\"background-color:#33809e;color:#ffffff;\">Ata de Audi\u00eancia Facel<\/a><\/p>\n<!-- AddThis Advanced Settings generic via filter on the_content --><!-- AddThis Share Buttons generic via filter on the_content -->","protected":false},"excerpt":{"rendered":"<p>Ap\u00f3s ficarem sem seus sal\u00e1rios durante os meses de fevereiro, mar\u00e7o e abril, finalmente os professores da Faculdade de Administra\u00e7\u00e3o, Ci\u00eancias, Educa\u00e7\u00e3o e Letras \u2013 FACEL &#8211;<!-- AddThis Advanced Settings generic via filter on wp_trim_excerpt --><!-- AddThis Share Buttons generic via filter on wp_trim_excerpt --><\/p>\n","protected":false},"author":2,"featured_media":539,"comment_status":"closed","ping_status":"open","sticky":false,"template":"","format":"standard","meta":{"footnotes":""},"categories":[18,56,13],"tags":[57,47,22],"class_list":["post-561","post","type-post","status-publish","format-standard","has-post-thumbnail","hentry","category-destaque","category-facel","category-home","tag-facel","tag-pagamentos","tag-professores"],"_links":{"self":[{"href":"https:\/\/sinpes.org.br\/site\/wp-json\/wp\/v2\/posts\/561","targetHints":{"allow":["GET"]}}],"collection":[{"href":"https:\/\/sinpes.org.br\/site\/wp-json\/wp\/v2\/posts"}],"about":[{"href":"https:\/\/sinpes.org.br\/site\/wp-json\/wp\/v2\/types\/post"}],"author":[{"embeddable":true,"href":"https:\/\/sinpes.org.br\/site\/wp-json\/wp\/v2\/users\/2"}],"replies":[{"embeddable":true,"href":"https:\/\/sinpes.org.br\/site\/wp-json\/wp\/v2\/comments?post=561"}],"version-history":[{"count":2,"href":"https:\/\/sinpes.org.br\/site\/wp-json\/wp\/v2\/posts\/561\/revisions"}],"predecessor-version":[{"id":564,"href":"https:\/\/sinpes.org.br\/site\/wp-json\/wp\/v2\/posts\/561\/revisions\/564"}],"wp:featuredmedia":[{"embeddable":true,"href":"https:\/\/sinpes.org.br\/site\/wp-json\/wp\/v2\/media\/539"}],"wp:attachment":[{"href":"https:\/\/sinpes.org.br\/site\/wp-json\/wp\/v2\/media?parent=561"}],"wp:term":[{"taxonomy":"category","embeddable":true,"href":"https:\/\/sinpes.org.br\/site\/wp-json\/wp\/v2\/categories?post=561"},{"taxonomy":"post_tag","embeddable":true,"href":"https:\/\/sinpes.org.br\/site\/wp-json\/wp\/v2\/tags?post=561"}],"curies":[{"name":"wp","href":"https:\/\/api.w.org\/{rel}","templated":true}]}}