{"id":5574,"date":"2026-04-29T17:15:53","date_gmt":"2026-04-29T20:15:53","guid":{"rendered":"https:\/\/sinpes.org.br\/site\/?p=5574"},"modified":"2026-04-29T17:17:00","modified_gmt":"2026-04-29T20:17:00","slug":"votacao-assembleia-cct-2026","status":"publish","type":"post","link":"https:\/\/sinpes.org.br\/site\/votacao-assembleia-cct-2026\/","title":{"rendered":"Vota\u00e7\u00e3o Assembleia CCT 2026"},"content":{"rendered":"<p><strong>29\/04\/2026<\/strong><\/p>\n<p>O SINPES realizou Assembleia Geral online no dia 29\/04, \u00e0s 17h. Na oportunidade foi debatido o reajuste salarial devido a partir de mar\u00e7o de 2026. Na CCT assinada o ano passado, a vig\u00eancia das cl\u00e1usulas sociais foi definida em dois anos, raz\u00e3o pela qual esse ano as tratativas restringem-se ao aspecto econ\u00f4mico (reajuste normativo e fixa\u00e7\u00e3o do novo piso salarial).<\/p>\n<p>Agora, o sindicato convida professores e professoras para votar nas delibera\u00e7\u00f5es da Assembleia. A vota\u00e7\u00e3o se estender\u00e1 at\u00e9 as 23h59 do dia 06\/05\/2026.<\/p>\n<p>\ud83d\udcf2 Vote pelo link: <a href=\"https:\/\/forms.gle\/Yjyrf1vVaJB2AHsm8\">https:\/\/forms.gle\/Yjyrf1vVaJB2AHsm8<\/a><\/p>\n<!-- AddThis Advanced Settings generic via filter on the_content --><!-- AddThis Share Buttons generic via filter on the_content -->","protected":false},"excerpt":{"rendered":"<p>29\/04\/2026 O SINPES realizou Assembleia Geral online no dia 29\/04, \u00e0s 17h. Na oportunidade foi debatido o reajuste salarial devido a partir de mar\u00e7o de 2026. Na CCT assinada o ano passado, a vig\u00eancia das cl\u00e1usulas sociais foi definida em dois anos, raz\u00e3o pela qual esse ano as tratativas restringem-se ao aspecto econ\u00f4mico (reajuste normativo [&hellip;]<!-- AddThis Advanced Settings generic via filter on wp_trim_excerpt --><!-- AddThis Share Buttons generic via filter on wp_trim_excerpt --><\/p>\n","protected":false},"author":3,"featured_media":0,"comment_status":"closed","ping_status":"open","sticky":false,"template":"","format":"standard","meta":{"footnotes":""},"categories":[7,18,13],"tags":[305,331,761,538],"class_list":["post-5574","post","type-post","status-publish","format-standard","hentry","category-arquivo-de-noticias","category-destaque","category-home","tag-assembleia","tag-cct","tag-reajuste","tag-votacao"],"_links":{"self":[{"href":"https:\/\/sinpes.org.br\/site\/wp-json\/wp\/v2\/posts\/5574","targetHints":{"allow":["GET"]}}],"collection":[{"href":"https:\/\/sinpes.org.br\/site\/wp-json\/wp\/v2\/posts"}],"about":[{"href":"https:\/\/sinpes.org.br\/site\/wp-json\/wp\/v2\/types\/post"}],"author":[{"embeddable":true,"href":"https:\/\/sinpes.org.br\/site\/wp-json\/wp\/v2\/users\/3"}],"replies":[{"embeddable":true,"href":"https:\/\/sinpes.org.br\/site\/wp-json\/wp\/v2\/comments?post=5574"}],"version-history":[{"count":2,"href":"https:\/\/sinpes.org.br\/site\/wp-json\/wp\/v2\/posts\/5574\/revisions"}],"predecessor-version":[{"id":5576,"href":"https:\/\/sinpes.org.br\/site\/wp-json\/wp\/v2\/posts\/5574\/revisions\/5576"}],"wp:attachment":[{"href":"https:\/\/sinpes.org.br\/site\/wp-json\/wp\/v2\/media?parent=5574"}],"wp:term":[{"taxonomy":"category","embeddable":true,"href":"https:\/\/sinpes.org.br\/site\/wp-json\/wp\/v2\/categories?post=5574"},{"taxonomy":"post_tag","embeddable":true,"href":"https:\/\/sinpes.org.br\/site\/wp-json\/wp\/v2\/tags?post=5574"}],"curies":[{"name":"wp","href":"https:\/\/api.w.org\/{rel}","templated":true}]}}