{"id":5528,"date":"2026-03-07T12:19:10","date_gmt":"2026-03-07T15:19:10","guid":{"rendered":"https:\/\/sinpes.org.br\/site\/?p=5528"},"modified":"2026-03-19T09:25:35","modified_gmt":"2026-03-19T12:25:35","slug":"dia-internacional-da-mulher-combater-a-violencia-de-genero-e-tambem-uma-responsabilidade-do-ensino-superior","status":"publish","type":"post","link":"https:\/\/sinpes.org.br\/site\/dia-internacional-da-mulher-combater-a-violencia-de-genero-e-tambem-uma-responsabilidade-do-ensino-superior\/","title":{"rendered":"Dia Internacional da Mulher: Combater a viol\u00eancia de g\u00eanero \u00e9 tamb\u00e9m uma responsabilidade do ensino superior"},"content":{"rendered":"<p><strong>08\/03\/2025<\/strong><\/p>\n<p>Neste Dia Internacional da Mulher, o Sindicato dos Professores do Ensino Superior de Curitiba e Regi\u00e3o Metropolitana \u2013 SINPES destaca a urg\u00eancia de a sociedade enfrentar a viol\u00eancia de g\u00eanero no Brasil. O pa\u00eds registrou, em 2025, o maior n\u00famero de feminic\u00eddios da \u00faltima d\u00e9cada. Foram\u00a01.568 mulheres assassinadas em raz\u00e3o de sua condi\u00e7\u00e3o de g\u00eanero, um aumento de 4,7% em rela\u00e7\u00e3o a 2024, quando houve 1.492 casos.<\/p>\n<p>Exemplo tr\u00e1gico dessa realidade ocorreu no \u00faltimo dia 06 de fevereiro. A docente de Direito e escriv\u00e3 da Pol\u00edcia Civil,\u00a0Juliana Mattos de Lima Santiago, de 41 anos foi morta a facadas em Porto Velho, Rond\u00f4nia. O crime ocorreu dentro de uma sala de aula no centro universit\u00e1rio\u00a0FIMCA\/Metropolitana. Segundo apurado pelas autoridades policiais trata-se de feminic\u00eddio ocorrido porque o agressor insistia em manter rela\u00e7\u00e3o afetiva com a docente.<\/p>\n<p>Diante deste cen\u00e1rio, o SINPES destaca que, al\u00e9m do fortalecimento de pol\u00edticas p\u00fablicas de combate \u00e0 viol\u00eancia de g\u00eanero, \u00e9 necess\u00e1rio que todos assumam sua responsabilidade no combate \u00e0s agress\u00f5es contra mulheres inclusive no ambiente de salas de aula.<\/p>\n<p>A viol\u00eancia de g\u00eanero ocorre em todos os espa\u00e7os da vida social, inclusive nos ambientes universit\u00e1rios. E afeta n\u00e3o somente a dignidade e o bem-estar das v\u00edtimas, mas de toda a sociedade. Fazer o enfrentamento contra a viol\u00eancia de g\u00eanero \u00e9 responsabilidade de todas e de todos, especialmente das Institui\u00e7\u00f5es de Ensino Superior (IES).<\/p>\n<p>\u00c9 fundamental acolher, proteger e ajudar a mulher denunciando o eventual agressor para que seja responsabilizado. Para isso \u00e9 imperiosa uma mudan\u00e7a cultural profunda que inclua a participa\u00e7\u00e3o ativa dos homens no enfrentamento da viol\u00eancia.<\/p>\n<p>Combater a viol\u00eancia exige mobiliza\u00e7\u00e3o permanente porque o feminic\u00eddio e a viol\u00eancia dom\u00e9stica n\u00e3o s\u00e3o problemas privados, mas quest\u00f5es sociais que como tais devem ser enfrentadas.<\/p>\n<p>#Sinpesassim<\/p>\n<!-- AddThis Advanced Settings generic via filter on the_content --><!-- AddThis Share Buttons generic via filter on the_content -->","protected":false},"excerpt":{"rendered":"<p>08\/03\/2025 Neste Dia Internacional da Mulher, o Sindicato dos Professores do Ensino Superior de Curitiba e Regi\u00e3o Metropolitana \u2013 SINPES destaca a urg\u00eancia de a sociedade enfrentar a viol\u00eancia de g\u00eanero no Brasil. O pa\u00eds registrou, em 2025, o maior n\u00famero de feminic\u00eddios da \u00faltima d\u00e9cada. Foram\u00a01.568 mulheres assassinadas em raz\u00e3o de sua condi\u00e7\u00e3o de [&hellip;]<!-- AddThis Advanced Settings generic via filter on wp_trim_excerpt --><!-- AddThis Share Buttons generic via filter on wp_trim_excerpt --><\/p>\n","protected":false},"author":3,"featured_media":0,"comment_status":"closed","ping_status":"open","sticky":false,"template":"","format":"standard","meta":{"footnotes":""},"categories":[7,18,13,998],"tags":[871,22,830,1096],"class_list":["post-5528","post","type-post","status-publish","format-standard","hentry","category-arquivo-de-noticias","category-destaque","category-home","category-noticias-gerais","tag-dia-internacional-das-mulheres","tag-professores","tag-violencia","tag-violencia-de-genero"],"_links":{"self":[{"href":"https:\/\/sinpes.org.br\/site\/wp-json\/wp\/v2\/posts\/5528","targetHints":{"allow":["GET"]}}],"collection":[{"href":"https:\/\/sinpes.org.br\/site\/wp-json\/wp\/v2\/posts"}],"about":[{"href":"https:\/\/sinpes.org.br\/site\/wp-json\/wp\/v2\/types\/post"}],"author":[{"embeddable":true,"href":"https:\/\/sinpes.org.br\/site\/wp-json\/wp\/v2\/users\/3"}],"replies":[{"embeddable":true,"href":"https:\/\/sinpes.org.br\/site\/wp-json\/wp\/v2\/comments?post=5528"}],"version-history":[{"count":1,"href":"https:\/\/sinpes.org.br\/site\/wp-json\/wp\/v2\/posts\/5528\/revisions"}],"predecessor-version":[{"id":5529,"href":"https:\/\/sinpes.org.br\/site\/wp-json\/wp\/v2\/posts\/5528\/revisions\/5529"}],"wp:attachment":[{"href":"https:\/\/sinpes.org.br\/site\/wp-json\/wp\/v2\/media?parent=5528"}],"wp:term":[{"taxonomy":"category","embeddable":true,"href":"https:\/\/sinpes.org.br\/site\/wp-json\/wp\/v2\/categories?post=5528"},{"taxonomy":"post_tag","embeddable":true,"href":"https:\/\/sinpes.org.br\/site\/wp-json\/wp\/v2\/tags?post=5528"}],"curies":[{"name":"wp","href":"https:\/\/api.w.org\/{rel}","templated":true}]}}