{"id":5526,"date":"2026-03-03T14:12:07","date_gmt":"2026-03-03T17:12:07","guid":{"rendered":"https:\/\/sinpes.org.br\/site\/?p=5526"},"modified":"2026-03-19T09:23:01","modified_gmt":"2026-03-19T12:23:01","slug":"assassinato-de-professora-em-rondonia-deflagra-alerta","status":"publish","type":"post","link":"https:\/\/sinpes.org.br\/site\/assassinato-de-professora-em-rondonia-deflagra-alerta\/","title":{"rendered":"ASSASSINATO DE PROFESSORA EM ROND\u00d4NIA DEFLAGRA ALERTA"},"content":{"rendered":"<p><strong>03\/03\/2026<\/strong><\/p>\n<p>No \u00faltimo dia 06 de fevereiro, o Brasil ficou chocado com a not\u00edcia do assassinato da professora de Direito e escriv\u00e3 da Pol\u00edcia Civil,\u00a0Juliana Mattos de Lima Santiago, de 41 anos. Ela foi morta a facadas em Porto Velho, Rond\u00f4nia. O crime ocorreu dentro de uma sala de aula no centro universit\u00e1rio\u00a0FIMCA\/Metropolitana, logo ap\u00f3s a v\u00edtima encerrar sua aula, com a natural dispers\u00e3o de seus alunos.<\/p>\n<p>A principal linha de investiga\u00e7\u00e3o da Pol\u00edcia Civil \u00e9\u00a0que se trata de feminic\u00eddio ocorrido porque o agressor insistia em manter rela\u00e7\u00e3o afetiva com a docente.\u00a0 Ele esperou que os outros alunos sa\u00edssem da sala para atacar a professora com um punhal. Uma das facadas atingiu o cora\u00e7\u00e3o. Juliana foi socorrida, mas faleceu antes de chegar ao hospital.<\/p>\n<p>Pensando na seguran\u00e7a de professores e professoras do ensino superior privado, o Sindicato dos Professores do Ensino Superior de Curitiba e Regi\u00e3o Metropolitana \u2013 SINPES, pretende estabelecer regra que proporcione maior seguran\u00e7a aos docentes. A ideia \u00e9 impedir a perman\u00eancia do(a) docente na presen\u00e7a de apenas um \u00fanico aluno(a) na \u00e1rea de institui\u00e7\u00f5es de ensino superior. Sempre que seja necess\u00e1rio o atendimento individual, as institui\u00e7\u00f5es dever\u00e3o disponibilizar um monitor ou fiscal para acompanhar as tratativas, a exemplo de sistem\u00e1tica que j\u00e1 vigora na FAE!<\/p>\n<p>O sindicato pretende tratar desse assunto com o sindicato patronal, o SINEPE, inclusive inserindo esse protocolo de seguran\u00e7a na pr\u00f3xima Conven\u00e7\u00e3o Coletiva de Trabalho (CCT).<\/p>\n<p>A ideia de generalizar essa singela medida preventiva surgiu de uma conversa informal entabulada entre alguns docentes e o professor Cl\u00e1udio Castro, professor do curso de Direito da Universidade Tuiuti do Paran\u00e1 (UTP) e secret\u00e1rio geral do SINPES. Ele revela que existe um permanente receio de inseguran\u00e7a disseminado entre os professores do ensino superior, raz\u00e3o pela qual a iniciativa do SINPES foi muito bem recebida.<\/p>\n<p>#SINPESASSIM<\/p>\n<!-- AddThis Advanced Settings generic via filter on the_content --><!-- AddThis Share Buttons generic via filter on the_content -->","protected":false},"excerpt":{"rendered":"<p>03\/03\/2026 No \u00faltimo dia 06 de fevereiro, o Brasil ficou chocado com a not\u00edcia do assassinato da professora de Direito e escriv\u00e3 da Pol\u00edcia Civil,\u00a0Juliana Mattos de Lima Santiago, de 41 anos. Ela foi morta a facadas em Porto Velho, Rond\u00f4nia. O crime ocorreu dentro de uma sala de aula no centro universit\u00e1rio\u00a0FIMCA\/Metropolitana, logo ap\u00f3s [&hellip;]<!-- AddThis Advanced Settings generic via filter on wp_trim_excerpt --><!-- AddThis Share Buttons generic via filter on wp_trim_excerpt --><\/p>\n","protected":false},"author":3,"featured_media":0,"comment_status":"closed","ping_status":"open","sticky":false,"template":"","format":"standard","meta":{"footnotes":""},"categories":[7,18,13,998],"tags":[1095,22,1094,404,62,1035],"class_list":["post-5526","post","type-post","status-publish","format-standard","hentry","category-arquivo-de-noticias","category-destaque","category-home","category-noticias-gerais","tag-acao-do-sindicato","tag-professores","tag-seguranca-de-professores","tag-sindicato","tag-sinpes","tag-violencia-contra-professores"],"_links":{"self":[{"href":"https:\/\/sinpes.org.br\/site\/wp-json\/wp\/v2\/posts\/5526","targetHints":{"allow":["GET"]}}],"collection":[{"href":"https:\/\/sinpes.org.br\/site\/wp-json\/wp\/v2\/posts"}],"about":[{"href":"https:\/\/sinpes.org.br\/site\/wp-json\/wp\/v2\/types\/post"}],"author":[{"embeddable":true,"href":"https:\/\/sinpes.org.br\/site\/wp-json\/wp\/v2\/users\/3"}],"replies":[{"embeddable":true,"href":"https:\/\/sinpes.org.br\/site\/wp-json\/wp\/v2\/comments?post=5526"}],"version-history":[{"count":1,"href":"https:\/\/sinpes.org.br\/site\/wp-json\/wp\/v2\/posts\/5526\/revisions"}],"predecessor-version":[{"id":5527,"href":"https:\/\/sinpes.org.br\/site\/wp-json\/wp\/v2\/posts\/5526\/revisions\/5527"}],"wp:attachment":[{"href":"https:\/\/sinpes.org.br\/site\/wp-json\/wp\/v2\/media?parent=5526"}],"wp:term":[{"taxonomy":"category","embeddable":true,"href":"https:\/\/sinpes.org.br\/site\/wp-json\/wp\/v2\/categories?post=5526"},{"taxonomy":"post_tag","embeddable":true,"href":"https:\/\/sinpes.org.br\/site\/wp-json\/wp\/v2\/tags?post=5526"}],"curies":[{"name":"wp","href":"https:\/\/api.w.org\/{rel}","templated":true}]}}