{"id":5370,"date":"2025-11-06T16:59:57","date_gmt":"2025-11-06T19:59:57","guid":{"rendered":"https:\/\/sinpes.org.br\/site\/?p=5370"},"modified":"2025-11-06T18:01:50","modified_gmt":"2025-11-06T21:01:50","slug":"sinpes-convoca-a-categoria-para-votar-sobre-a-nova-convencao-coletiva-2025-2027","status":"publish","type":"post","link":"https:\/\/sinpes.org.br\/site\/sinpes-convoca-a-categoria-para-votar-sobre-a-nova-convencao-coletiva-2025-2027\/","title":{"rendered":"SINPES convoca a categoria para votar sobre a nova Conven\u00e7\u00e3o Coletiva 2025\/2027"},"content":{"rendered":"<p><strong>06\/11\/2025<\/strong><\/p>\n<p>Nesta quinta-feira, \u00e0s 16h30, o SINPES realizou uma Assembleia Geral Online com professores e professoras do ensino superior privado de Curitiba e Regi\u00e3o Metropolitana. Na pauta, a aprova\u00e7\u00e3o ou rejei\u00e7\u00e3o da nova Conven\u00e7\u00e3o Coletiva de Trabalho 2025\/2027, conclu\u00edda ap\u00f3s meses de extensas negocia\u00e7\u00f5es. Agora, o sindicato convida a categoria docente para votar pela aprova\u00e7\u00e3o ou rejei\u00e7\u00e3o da nova Conven\u00e7\u00e3o.<\/p>\n<p>A vota\u00e7\u00e3o fica aberta at\u00e9 as <strong>20h00<\/strong> desta sexta-feira <strong>07\/11\/2025.<\/strong><\/p>\n<p><strong>Vote por meio do link:<\/strong> <a href=\"https:\/\/forms.gle\/mC1rCjKrgiNvyTVcA\">https:\/\/forms.gle\/mC1rCjKrgiNvyTVcA<\/a><\/p>\n<p><strong>Confira nos links abaixo a minuta da nova CCT 2025\/2027 &#8211; em destaque as altera\u00e7\u00f5es realizadas.\u00a0<\/strong><\/p>\n<p>Vers\u00e3o Word:<\/p>\n<p><a href=\"https:\/\/sinpes.org.br\/site\/wp-content\/uploads\/2025\/11\/Minuta-CCT-2025-2027-4.docx\">Minuta CCT 2025-2027<\/a><\/p>\n<p>Vers\u00e3o PDF:<\/p>\n<p><a href=\"https:\/\/sinpes.org.br\/site\/wp-content\/uploads\/2025\/11\/Minuta-CCT-2025-2027-3.pdf\">Minuta CCT 2025-2027<\/a><\/p>\n<!-- AddThis Advanced Settings generic via filter on the_content --><!-- AddThis Share Buttons generic via filter on the_content -->","protected":false},"excerpt":{"rendered":"<p>06\/11\/2025 Nesta quinta-feira, \u00e0s 16h30, o SINPES realizou uma Assembleia Geral Online com professores e professoras do ensino superior privado de Curitiba e Regi\u00e3o Metropolitana. Na pauta, a aprova\u00e7\u00e3o ou rejei\u00e7\u00e3o da nova Conven\u00e7\u00e3o Coletiva de Trabalho 2025\/2027, conclu\u00edda ap\u00f3s meses de extensas negocia\u00e7\u00f5es. Agora, o sindicato convida a categoria docente para votar pela aprova\u00e7\u00e3o [&hellip;]<!-- AddThis Advanced Settings generic via filter on wp_trim_excerpt --><!-- AddThis Share Buttons generic via filter on wp_trim_excerpt --><\/p>\n","protected":false},"author":3,"featured_media":0,"comment_status":"closed","ping_status":"open","sticky":false,"template":"","format":"standard","meta":{"footnotes":""},"categories":[7,18,13],"tags":[305,331,1031,68,62,967],"class_list":["post-5370","post","type-post","status-publish","format-standard","hentry","category-arquivo-de-noticias","category-destaque","category-home","tag-assembleia","tag-cct","tag-cct-2025-2027","tag-sinepe","tag-sinpes","tag-votacao-online"],"_links":{"self":[{"href":"https:\/\/sinpes.org.br\/site\/wp-json\/wp\/v2\/posts\/5370","targetHints":{"allow":["GET"]}}],"collection":[{"href":"https:\/\/sinpes.org.br\/site\/wp-json\/wp\/v2\/posts"}],"about":[{"href":"https:\/\/sinpes.org.br\/site\/wp-json\/wp\/v2\/types\/post"}],"author":[{"embeddable":true,"href":"https:\/\/sinpes.org.br\/site\/wp-json\/wp\/v2\/users\/3"}],"replies":[{"embeddable":true,"href":"https:\/\/sinpes.org.br\/site\/wp-json\/wp\/v2\/comments?post=5370"}],"version-history":[{"count":4,"href":"https:\/\/sinpes.org.br\/site\/wp-json\/wp\/v2\/posts\/5370\/revisions"}],"predecessor-version":[{"id":5381,"href":"https:\/\/sinpes.org.br\/site\/wp-json\/wp\/v2\/posts\/5370\/revisions\/5381"}],"wp:attachment":[{"href":"https:\/\/sinpes.org.br\/site\/wp-json\/wp\/v2\/media?parent=5370"}],"wp:term":[{"taxonomy":"category","embeddable":true,"href":"https:\/\/sinpes.org.br\/site\/wp-json\/wp\/v2\/categories?post=5370"},{"taxonomy":"post_tag","embeddable":true,"href":"https:\/\/sinpes.org.br\/site\/wp-json\/wp\/v2\/tags?post=5370"}],"curies":[{"name":"wp","href":"https:\/\/api.w.org\/{rel}","templated":true}]}}