{"id":5366,"date":"2025-11-06T07:55:20","date_gmt":"2025-11-06T10:55:20","guid":{"rendered":"https:\/\/sinpes.org.br\/site\/?p=5366"},"modified":"2025-11-06T18:01:15","modified_gmt":"2025-11-06T21:01:15","slug":"sinepe-roi-a-corda-e-exige-alteracao-de-ultima-hora-na-cct","status":"publish","type":"post","link":"https:\/\/sinpes.org.br\/site\/sinepe-roi-a-corda-e-exige-alteracao-de-ultima-hora-na-cct\/","title":{"rendered":"SINEPE ROI A CORDA E EXIGE ALTERA\u00c7\u00c3O DE \u00daLTIMA HORA NA CCT"},"content":{"rendered":"<p><strong>05\/11\/2025<\/strong><\/p>\n<p>Nesta quinta-feira, \u00e0s 16h30, o SINPES convocou uma Assembleia Geral Online com professores e professoras do ensino superior privado de Curitiba e Regi\u00e3o Metropolitana. Na pauta, a aprova\u00e7\u00e3o ou rejei\u00e7\u00e3o da nova Conven\u00e7\u00e3o Coletiva de Trabalho 2025\/2027, conclu\u00edda ap\u00f3s meses de extensas negocia\u00e7\u00f5es.<\/p>\n<p>Literalmente, na v\u00e9spera do evento, depois do texto consensual acertado entre as partes j\u00e1 estar inclusive \u00e0 disposi\u00e7\u00e3o da categoria no s\u00edtio eletr\u00f4nico do SINPES, o SINEPE encaminhou comunicado ao SINPES no sentido de que n\u00e3o aceitar\u00e1 a contrapartida ajustada em face da redu\u00e7\u00e3o pela metade das bolsas de estudo dos cursos de Medicina, Veterin\u00e1ria e Odontologia iniciados a partir de 2026.<\/p>\n<p>\u00c0 guisa de compensa\u00e7\u00e3o em face dessa concess\u00e3o tinha ficado acertado que na hip\u00f3tese de rompimento do contrato de trabalho (exceto despedida por justa causa) todas as licen\u00e7as e bolsas usufru\u00eddas pelos professores e seus dependentes seriam garantidas at\u00e9 o t\u00e9rmino do per\u00edodo subsequente (semestre ou ano) e n\u00e3o mais at\u00e9 a data do afastamento, como ocorre hoje.<\/p>\n<p>Sem querer abrir m\u00e3o da redu\u00e7\u00e3o pela metade das bolsas incidentes sobre cursos de gradua\u00e7\u00e3o de Medicina, Medicina Veterin\u00e1ria e Odontologia o SINEPE voltou atr\u00e1s na contrapartida ajustada, o que caracteriza grave precedente, que abala a confian\u00e7a e a credibilidade entre as partes que negociaram o instrumento normativo.<\/p>\n<p>Diante deste cen\u00e1rio o SINPES conclama a categoria docente a participar e avaliar se aprova ou n\u00e3o as novas e surpreendentes condi\u00e7\u00f5es impostas na \u00faltima hora pelo SINEPE, reabrindo ou n\u00e3o as negocia\u00e7\u00f5es que tinham sido dadas por conclu\u00eddas.<\/p>\n<p>Participe da Assembleia Geral da categoria quinta-feira, 06.11.2025 \u00e0s 16h30min.<\/p>\n<p><strong>Data:<\/strong>\u00a006\/11\/2025<\/p>\n<p><strong>Hor\u00e1rio:<\/strong>\u00a016h30min<\/p>\n<p><strong>Link de acesso:<\/strong>\u00a0<a href=\"https:\/\/shre.ink\/og6t\">https:\/\/shre.ink\/og6t<\/a><\/p>\n<p><strong>ID da reuni\u00e3o:<\/strong>\u00a0856 8827 7263<\/p>\n<p><strong>Senha:<\/strong>\u00a0795053<\/p>\n<p><strong>Confira nos links abaixo a minuta da nova Conven\u00e7\u00e3o Coletiva antes da imposi\u00e7\u00e3o de \u00faltima hora cima noticiada<\/strong><\/p>\n<p>Word:<\/p>\n<p><a href=\"https:\/\/sinpes.org.br\/site\/wp-content\/uploads\/2025\/11\/Minuta-CCT-2025-2027-4.docx\">Minuta CCT 2025-2027<\/a><\/p>\n<p>PDF:<\/p>\n<p><a href=\"https:\/\/sinpes.org.br\/site\/wp-content\/uploads\/2025\/11\/Minuta-CCT-2025-2027-3.pdf\">Minuta CCT 2025-2027<\/a><\/p>\n<p>&nbsp;<\/p>\n<!-- AddThis Advanced Settings generic via filter on the_content --><!-- AddThis Share Buttons generic via filter on the_content -->","protected":false},"excerpt":{"rendered":"<p>05\/11\/2025 Nesta quinta-feira, \u00e0s 16h30, o SINPES convocou uma Assembleia Geral Online com professores e professoras do ensino superior privado de Curitiba e Regi\u00e3o Metropolitana. Na pauta, a aprova\u00e7\u00e3o ou rejei\u00e7\u00e3o da nova Conven\u00e7\u00e3o Coletiva de Trabalho 2025\/2027, conclu\u00edda ap\u00f3s meses de extensas negocia\u00e7\u00f5es. Literalmente, na v\u00e9spera do evento, depois do texto consensual acertado entre [&hellip;]<!-- AddThis Advanced Settings generic via filter on wp_trim_excerpt --><!-- AddThis Share Buttons generic via filter on wp_trim_excerpt --><\/p>\n","protected":false},"author":3,"featured_media":0,"comment_status":"closed","ping_status":"open","sticky":false,"template":"","format":"standard","meta":{"footnotes":""},"categories":[7,18,13,998],"tags":[305,331,68,62],"class_list":["post-5366","post","type-post","status-publish","format-standard","hentry","category-arquivo-de-noticias","category-destaque","category-home","category-noticias-gerais","tag-assembleia","tag-cct","tag-sinepe","tag-sinpes"],"_links":{"self":[{"href":"https:\/\/sinpes.org.br\/site\/wp-json\/wp\/v2\/posts\/5366","targetHints":{"allow":["GET"]}}],"collection":[{"href":"https:\/\/sinpes.org.br\/site\/wp-json\/wp\/v2\/posts"}],"about":[{"href":"https:\/\/sinpes.org.br\/site\/wp-json\/wp\/v2\/types\/post"}],"author":[{"embeddable":true,"href":"https:\/\/sinpes.org.br\/site\/wp-json\/wp\/v2\/users\/3"}],"replies":[{"embeddable":true,"href":"https:\/\/sinpes.org.br\/site\/wp-json\/wp\/v2\/comments?post=5366"}],"version-history":[{"count":2,"href":"https:\/\/sinpes.org.br\/site\/wp-json\/wp\/v2\/posts\/5366\/revisions"}],"predecessor-version":[{"id":5380,"href":"https:\/\/sinpes.org.br\/site\/wp-json\/wp\/v2\/posts\/5366\/revisions\/5380"}],"wp:attachment":[{"href":"https:\/\/sinpes.org.br\/site\/wp-json\/wp\/v2\/media?parent=5366"}],"wp:term":[{"taxonomy":"category","embeddable":true,"href":"https:\/\/sinpes.org.br\/site\/wp-json\/wp\/v2\/categories?post=5366"},{"taxonomy":"post_tag","embeddable":true,"href":"https:\/\/sinpes.org.br\/site\/wp-json\/wp\/v2\/tags?post=5366"}],"curies":[{"name":"wp","href":"https:\/\/api.w.org\/{rel}","templated":true}]}}