{"id":5343,"date":"2025-10-15T08:55:06","date_gmt":"2025-10-15T11:55:06","guid":{"rendered":"https:\/\/sinpes.org.br\/site\/?p=5343"},"modified":"2025-10-15T08:55:06","modified_gmt":"2025-10-15T11:55:06","slug":"dia-da-professora-e-do-professor-salarios-congelados-ha-19-meses","status":"publish","type":"post","link":"https:\/\/sinpes.org.br\/site\/dia-da-professora-e-do-professor-salarios-congelados-ha-19-meses\/","title":{"rendered":"Dia da Professora e do Professor: SAL\u00c1RIOS CONGELADOS H\u00c1 19 MESES"},"content":{"rendered":"<p><strong>15\/10\/2025<\/strong><\/p>\n<p>Neste dia da Professora e do Professor, o Sindicato dos Professores do Ensino Superior de Curitiba e Regi\u00e3o Metropolitana \u2013 SINPES tem pouco a festejar e muito a lamentar. At\u00e9 agora sequer foi conclu\u00edda a negocia\u00e7\u00e3o da conven\u00e7\u00e3o coletiva vigente a partir de mar\u00e7o de 2025 em face do SINEPE, representante dos patr\u00f5es, ter levado \u00e0 mesa de negocia\u00e7\u00f5es extensa gama de quest\u00f5es.<\/p>\n<p>Enquanto os professores\/as seguem sustentando a educa\u00e7\u00e3o com dedica\u00e7\u00e3o e resili\u00eancia, proporcionando lucros astron\u00f4micos a grandes grupos educacionais que se espalham pelo Brasil, os patr\u00f5es postergam a aprova\u00e7\u00e3o da Conven\u00e7\u00e3o Coletiva 2025\/2026, com o objetivo de mitigar direitos hist\u00f3ricos e retardar o reajuste que deveria ter sido praticado no m\u00eas de mar\u00e7o, potencializando suas polpudas aplica\u00e7\u00f5es financeiras.<\/p>\n<p>Essa postura patronal evidencia o abismo entre o discurso de suposta valoriza\u00e7\u00e3o da profiss\u00e3o e a pr\u00e1tica cotidiana. O professor\/a brasileiro \u00e9, por defini\u00e7\u00e3o, um exemplo de voca\u00e7\u00e3o, persist\u00eancia e resili\u00eancia. \u00c9 ele quem mant\u00e9m viva a chama do conhecimento, do pensamento cr\u00edtico e da excel\u00eancia educacional. \u00a0Apesar das salas superlotadas, das jornadas exaustivas, de press\u00f5es por produtividade, do adoecimento f\u00edsico e mental e da remunera\u00e7\u00e3o mais baixa dentre in\u00fameras profiss\u00f5es de n\u00edvel superior&#8230;<\/p>\n<p>N\u00e3o \u00e9 de se surpreender que cada vez menos jovens procurem os cursos formadores de docentes. As universidades, antes espa\u00e7o f\u00e9rtil para o surgimento de novos educadores talentosos, hoje convivem com a sobra de vagas nos cursos de licenciatura e bacharelado. Ser professor\/a, deixou de ser um projeto de futuro! Essa tend\u00eancia, se n\u00e3o revertida, compromete o futuro da pr\u00f3pria educa\u00e7\u00e3o e do tecido social.<\/p>\n<p>Neste 15 de outubro, o SINPES exige que o habitual reconhecimento ret\u00f3rico pr\u00f3prio dos pronunciamentos patronais nessa data venha acompanhado de a\u00e7\u00e3o permeada de condi\u00e7\u00f5es de trabalho condignas e sal\u00e1rios justos. Afinal de contas, n\u00f3s professoras e professores somos a base da exist\u00eancia de todas as profiss\u00f5es e da forma\u00e7\u00e3o de uma sociedade mais livre, justa e igualit\u00e1ria. Merecemos respeito e sal\u00e1rio digno!<\/p>\n<p>#SINPESASSIM<\/p>\n<!-- AddThis Advanced Settings generic via filter on the_content --><!-- AddThis Share Buttons generic via filter on the_content -->","protected":false},"excerpt":{"rendered":"<p>15\/10\/2025 Neste dia da Professora e do Professor, o Sindicato dos Professores do Ensino Superior de Curitiba e Regi\u00e3o Metropolitana \u2013 SINPES tem pouco a festejar e muito a lamentar. At\u00e9 agora sequer foi conclu\u00edda a negocia\u00e7\u00e3o da conven\u00e7\u00e3o coletiva vigente a partir de mar\u00e7o de 2025 em face do SINEPE, representante dos patr\u00f5es, ter [&hellip;]<!-- AddThis Advanced Settings generic via filter on wp_trim_excerpt --><!-- AddThis Share Buttons generic via filter on wp_trim_excerpt --><\/p>\n","protected":false},"author":3,"featured_media":0,"comment_status":"closed","ping_status":"open","sticky":false,"template":"","format":"standard","meta":{"footnotes":""},"categories":[7,18,13],"tags":[591,1008,22,404,62],"class_list":["post-5343","post","type-post","status-publish","format-standard","hentry","category-arquivo-de-noticias","category-destaque","category-home","tag-dia-do-professor","tag-dia-dos-professores","tag-professores","tag-sindicato","tag-sinpes"],"_links":{"self":[{"href":"https:\/\/sinpes.org.br\/site\/wp-json\/wp\/v2\/posts\/5343","targetHints":{"allow":["GET"]}}],"collection":[{"href":"https:\/\/sinpes.org.br\/site\/wp-json\/wp\/v2\/posts"}],"about":[{"href":"https:\/\/sinpes.org.br\/site\/wp-json\/wp\/v2\/types\/post"}],"author":[{"embeddable":true,"href":"https:\/\/sinpes.org.br\/site\/wp-json\/wp\/v2\/users\/3"}],"replies":[{"embeddable":true,"href":"https:\/\/sinpes.org.br\/site\/wp-json\/wp\/v2\/comments?post=5343"}],"version-history":[{"count":1,"href":"https:\/\/sinpes.org.br\/site\/wp-json\/wp\/v2\/posts\/5343\/revisions"}],"predecessor-version":[{"id":5344,"href":"https:\/\/sinpes.org.br\/site\/wp-json\/wp\/v2\/posts\/5343\/revisions\/5344"}],"wp:attachment":[{"href":"https:\/\/sinpes.org.br\/site\/wp-json\/wp\/v2\/media?parent=5343"}],"wp:term":[{"taxonomy":"category","embeddable":true,"href":"https:\/\/sinpes.org.br\/site\/wp-json\/wp\/v2\/categories?post=5343"},{"taxonomy":"post_tag","embeddable":true,"href":"https:\/\/sinpes.org.br\/site\/wp-json\/wp\/v2\/tags?post=5343"}],"curies":[{"name":"wp","href":"https:\/\/api.w.org\/{rel}","templated":true}]}}