{"id":5276,"date":"2025-09-04T09:08:26","date_gmt":"2025-09-04T12:08:26","guid":{"rendered":"https:\/\/sinpes.org.br\/site\/?p=5276"},"modified":"2025-09-04T09:10:39","modified_gmt":"2025-09-04T12:10:39","slug":"sinpes-participa-do-lancamento-do-meu-brasil-brasileiro","status":"publish","type":"post","link":"https:\/\/sinpes.org.br\/site\/sinpes-participa-do-lancamento-do-meu-brasil-brasileiro\/","title":{"rendered":"SINPES participa do lan\u00e7amento do Meu Brasil Brasileiro"},"content":{"rendered":"<p><strong>04\/09\/2025<\/strong><\/p>\n<div id=\"attachment_5277\" style=\"width: 710px\" class=\"wp-caption aligncenter\"><a href=\"https:\/\/sinpes.org.br\/site\/wp-content\/uploads\/2025\/09\/WhatsApp-Image-2025-09-03-at-16.46.00.jpeg\"><img loading=\"lazy\" decoding=\"async\" aria-describedby=\"caption-attachment-5277\" class=\"wp-image-5277\" src=\"https:\/\/sinpes.org.br\/site\/wp-content\/uploads\/2025\/09\/WhatsApp-Image-2025-09-03-at-16.46.00-1024x768.jpeg\" alt=\"\" width=\"700\" height=\"525\" srcset=\"https:\/\/sinpes.org.br\/site\/wp-content\/uploads\/2025\/09\/WhatsApp-Image-2025-09-03-at-16.46.00-1024x768.jpeg 1024w, https:\/\/sinpes.org.br\/site\/wp-content\/uploads\/2025\/09\/WhatsApp-Image-2025-09-03-at-16.46.00-300x225.jpeg 300w, https:\/\/sinpes.org.br\/site\/wp-content\/uploads\/2025\/09\/WhatsApp-Image-2025-09-03-at-16.46.00-768x576.jpeg 768w, https:\/\/sinpes.org.br\/site\/wp-content\/uploads\/2025\/09\/WhatsApp-Image-2025-09-03-at-16.46.00-1536x1152.jpeg 1536w, https:\/\/sinpes.org.br\/site\/wp-content\/uploads\/2025\/09\/WhatsApp-Image-2025-09-03-at-16.46.00.jpeg 1600w\" sizes=\"auto, (max-width: 700px) 100vw, 700px\" \/><\/a><p id=\"caption-attachment-5277\" class=\"wp-caption-text\"><em>Diretoria do Sinpes, da direita para esquerda: Valdyr Perrini, Carlos Magno e Regina Reinert<\/em><\/p><\/div>\n<p>No \u00faltimo dia 29\/08, o Sindicato dos Professores do Ensino Superior de Curitiba e Regi\u00e3o Metropolitana \u2013 SINPES participou do lan\u00e7amento do movimento Meu Brasil Brasileiro. O evento aconteceu nas escadarias da Universidade Federal do Paran\u00e1 (UFPR), na Pra\u00e7a Santos Andrade, e marcou o in\u00edcio de diversas mobiliza\u00e7\u00f5es em defesa da nossa soberania nacional.<\/p>\n<p>O Meu Brasil Brasileiro nasce em meio \u00e0 interfer\u00eancia estrangeira, com taxa\u00e7\u00f5es desproporcionais de produtos brasileiros e ataques \u00e0 autonomia de nossa Justi\u00e7a que colocam o pa\u00eds sob grave e inusitada amea\u00e7a.<\/p>\n<p>Com foco na defesa da soberania nacional e no fortalecimento da democracia brasileira, o movimento \u00e9 fruto de uma constru\u00e7\u00e3o coletiva, a participa\u00e7\u00e3o da OAB-PR e mais de 60 entidades.<\/p>\n<div id=\"attachment_5278\" style=\"width: 710px\" class=\"wp-caption aligncenter\"><a href=\"https:\/\/sinpes.org.br\/site\/wp-content\/uploads\/2025\/09\/WhatsApp-Image-2025-09-03-at-16.45.57-1.jpeg\"><img loading=\"lazy\" decoding=\"async\" aria-describedby=\"caption-attachment-5278\" class=\"wp-image-5278\" src=\"https:\/\/sinpes.org.br\/site\/wp-content\/uploads\/2025\/09\/WhatsApp-Image-2025-09-03-at-16.45.57-1-1024x768.jpeg\" alt=\"\" width=\"700\" height=\"525\" srcset=\"https:\/\/sinpes.org.br\/site\/wp-content\/uploads\/2025\/09\/WhatsApp-Image-2025-09-03-at-16.45.57-1-1024x768.jpeg 1024w, https:\/\/sinpes.org.br\/site\/wp-content\/uploads\/2025\/09\/WhatsApp-Image-2025-09-03-at-16.45.57-1-300x225.jpeg 300w, https:\/\/sinpes.org.br\/site\/wp-content\/uploads\/2025\/09\/WhatsApp-Image-2025-09-03-at-16.45.57-1-768x576.jpeg 768w, https:\/\/sinpes.org.br\/site\/wp-content\/uploads\/2025\/09\/WhatsApp-Image-2025-09-03-at-16.45.57-1-1536x1152.jpeg 1536w, https:\/\/sinpes.org.br\/site\/wp-content\/uploads\/2025\/09\/WhatsApp-Image-2025-09-03-at-16.45.57-1.jpeg 1600w\" sizes=\"auto, (max-width: 700px) 100vw, 700px\" \/><\/a><p id=\"caption-attachment-5278\" class=\"wp-caption-text\"><em>Da esquerda para a direita: Ledo Paulo, Carlos Magno e Valdyr Perrini<\/em><\/p><\/div>\n<p>Estiveram presentes os dirigentes do SINPES e in\u00fameros professores do ensino superior privado e p\u00fablico.<\/p>\n<p>O foco principal do movimento \u00e9 questionar as san\u00e7\u00f5es econ\u00f4micas impostas pelos Estados Unidos \u2014 o chamado \u201ctarifa\u00e7o\u201d \u2014 instrumento de press\u00e3o pol\u00edtica que compromete a autodetermina\u00e7\u00e3o do pa\u00eds e certamente ser\u00e1 utilizado como mais um pretexto para solapar os direitos dos trabalhadores.<\/p>\n<div id=\"attachment_5279\" style=\"width: 676px\" class=\"wp-caption aligncenter\"><a href=\"https:\/\/sinpes.org.br\/site\/wp-content\/uploads\/2025\/09\/WhatsApp-Image-2025-08-29-at-19.02.41.jpeg\"><img loading=\"lazy\" decoding=\"async\" aria-describedby=\"caption-attachment-5279\" class=\"wp-image-5279\" src=\"https:\/\/sinpes.org.br\/site\/wp-content\/uploads\/2025\/09\/WhatsApp-Image-2025-08-29-at-19.02.41-768x1024.jpeg\" alt=\"\" width=\"666\" height=\"888\" srcset=\"https:\/\/sinpes.org.br\/site\/wp-content\/uploads\/2025\/09\/WhatsApp-Image-2025-08-29-at-19.02.41-768x1024.jpeg 768w, https:\/\/sinpes.org.br\/site\/wp-content\/uploads\/2025\/09\/WhatsApp-Image-2025-08-29-at-19.02.41-225x300.jpeg 225w, https:\/\/sinpes.org.br\/site\/wp-content\/uploads\/2025\/09\/WhatsApp-Image-2025-08-29-at-19.02.41-1152x1536.jpeg 1152w, https:\/\/sinpes.org.br\/site\/wp-content\/uploads\/2025\/09\/WhatsApp-Image-2025-08-29-at-19.02.41.jpeg 1200w\" sizes=\"auto, (max-width: 666px) 100vw, 666px\" \/><\/a><p id=\"caption-attachment-5279\" class=\"wp-caption-text\"><em>Valdyr Perrini, Darli de F\u00e1tima Sampaio e Luiz Carlos Balcewicz<\/em><\/p><\/div>\n<p>No ato o presidente da OAB-PR, Luiz Fernando Pereira, afirmou que a Ordem dos Advogados do Brasil tem um compromisso de defender a Constitui\u00e7\u00e3o Federal e, consequentemente, a soberania nacional. \u201cDefender o Estado Democr\u00e1tico de Direito est\u00e1 no estatuto da OAB. Portanto, qualquer movimento que defenda a democracia e a nossa soberania ter\u00e1 o nosso apoio\u201d, disse.<\/p>\n<div id=\"attachment_5280\" style=\"width: 672px\" class=\"wp-caption aligncenter\"><a href=\"https:\/\/sinpes.org.br\/site\/wp-content\/uploads\/2025\/09\/WhatsApp-Image-2025-09-03-at-16.46.01-3.jpeg\"><img loading=\"lazy\" decoding=\"async\" aria-describedby=\"caption-attachment-5280\" class=\"wp-image-5280\" src=\"https:\/\/sinpes.org.br\/site\/wp-content\/uploads\/2025\/09\/WhatsApp-Image-2025-09-03-at-16.46.01-3-768x1024.jpeg\" alt=\"\" width=\"662\" height=\"883\" srcset=\"https:\/\/sinpes.org.br\/site\/wp-content\/uploads\/2025\/09\/WhatsApp-Image-2025-09-03-at-16.46.01-3-768x1024.jpeg 768w, https:\/\/sinpes.org.br\/site\/wp-content\/uploads\/2025\/09\/WhatsApp-Image-2025-09-03-at-16.46.01-3-225x300.jpeg 225w, https:\/\/sinpes.org.br\/site\/wp-content\/uploads\/2025\/09\/WhatsApp-Image-2025-09-03-at-16.46.01-3-1152x1536.jpeg 1152w, https:\/\/sinpes.org.br\/site\/wp-content\/uploads\/2025\/09\/WhatsApp-Image-2025-09-03-at-16.46.01-3.jpeg 1200w\" sizes=\"auto, (max-width: 662px) 100vw, 662px\" \/><\/a><p id=\"caption-attachment-5280\" class=\"wp-caption-text\"><em>O presidente da OAB, Luiz Fernando Pereira e Valdyr Perrini<\/em><\/p><\/div>\n<p><strong>#SINPESASSIM<\/strong><\/p>\n<!-- AddThis Advanced Settings generic via filter on the_content --><!-- AddThis Share Buttons generic via filter on the_content -->","protected":false},"excerpt":{"rendered":"<p>04\/09\/2025 No \u00faltimo dia 29\/08, o Sindicato dos Professores do Ensino Superior de Curitiba e Regi\u00e3o Metropolitana \u2013 SINPES participou do lan\u00e7amento do movimento Meu Brasil Brasileiro. O evento aconteceu nas escadarias da Universidade Federal do Paran\u00e1 (UFPR), na Pra\u00e7a Santos Andrade, e marcou o in\u00edcio de diversas mobiliza\u00e7\u00f5es em defesa da nossa soberania nacional. [&hellip;]<!-- AddThis Advanced Settings generic via filter on wp_trim_excerpt --><!-- AddThis Share Buttons generic via filter on wp_trim_excerpt --><\/p>\n","protected":false},"author":3,"featured_media":0,"comment_status":"closed","ping_status":"open","sticky":false,"template":"","format":"standard","meta":{"footnotes":""},"categories":[7,18,13,998,5],"tags":[1057,604,442,408,1060,62,1058],"class_list":["post-5276","post","type-post","status-publish","format-standard","hentry","category-arquivo-de-noticias","category-destaque","category-home","category-noticias-gerais","category-sinpes","tag-ato","tag-curitiba","tag-democracia","tag-manifestacao","tag-meu-brasil-brasileiro","tag-sinpes","tag-soberania-nacional"],"_links":{"self":[{"href":"https:\/\/sinpes.org.br\/site\/wp-json\/wp\/v2\/posts\/5276","targetHints":{"allow":["GET"]}}],"collection":[{"href":"https:\/\/sinpes.org.br\/site\/wp-json\/wp\/v2\/posts"}],"about":[{"href":"https:\/\/sinpes.org.br\/site\/wp-json\/wp\/v2\/types\/post"}],"author":[{"embeddable":true,"href":"https:\/\/sinpes.org.br\/site\/wp-json\/wp\/v2\/users\/3"}],"replies":[{"embeddable":true,"href":"https:\/\/sinpes.org.br\/site\/wp-json\/wp\/v2\/comments?post=5276"}],"version-history":[{"count":3,"href":"https:\/\/sinpes.org.br\/site\/wp-json\/wp\/v2\/posts\/5276\/revisions"}],"predecessor-version":[{"id":5283,"href":"https:\/\/sinpes.org.br\/site\/wp-json\/wp\/v2\/posts\/5276\/revisions\/5283"}],"wp:attachment":[{"href":"https:\/\/sinpes.org.br\/site\/wp-json\/wp\/v2\/media?parent=5276"}],"wp:term":[{"taxonomy":"category","embeddable":true,"href":"https:\/\/sinpes.org.br\/site\/wp-json\/wp\/v2\/categories?post=5276"},{"taxonomy":"post_tag","embeddable":true,"href":"https:\/\/sinpes.org.br\/site\/wp-json\/wp\/v2\/tags?post=5276"}],"curies":[{"name":"wp","href":"https:\/\/api.w.org\/{rel}","templated":true}]}}