{"id":5262,"date":"2025-08-25T11:32:54","date_gmt":"2025-08-25T14:32:54","guid":{"rendered":"https:\/\/sinpes.org.br\/site\/?p=5262"},"modified":"2025-08-25T11:32:54","modified_gmt":"2025-08-25T14:32:54","slug":"sinpes-convoca-sociedade-civil-para-defesa-da-soberania-nacional","status":"publish","type":"post","link":"https:\/\/sinpes.org.br\/site\/sinpes-convoca-sociedade-civil-para-defesa-da-soberania-nacional\/","title":{"rendered":"SINPES convoca sociedade civil para defesa da Soberania Nacional"},"content":{"rendered":"<p><strong>25\/08\/2025<\/strong><\/p>\n<p><strong>\u201cMEU BRASIL BRASILEIRO\u201d<\/strong><\/p>\n<p>O Sindicato dos Professores do Ensino Superior de Curitiba e Regi\u00e3o Metropolitana \u2013 SINPES &#8211; convoca professores, professoras, estudantes, trabalhadores do ensino superior e o p\u00fablico em geral para um ato em defesa da soberania nacional, no dia 29\/08\/2025, quando ser\u00e1 lan\u00e7ado o movimento Meu Brasil Brasileiro.<\/p>\n<p>Em meio \u00e0 interfer\u00eancia estrangeira, com taxa\u00e7\u00f5es desproporcionais de produtos brasileiros e ataques \u00e0 autonomia de nossa Justi\u00e7a, o Brasil vive sob grave e inusitada amea\u00e7a. Nossa economia est\u00e1 sendo prejudicada; os empregos est\u00e3o em risco e nossos direitos na imin\u00eancia de serem solapados!<\/p>\n<p>Independentemente das cr\u00edticas que cada segmento da sociedade civil pode e deve fazer ao Poder Judici\u00e1rio, problemas brasileiros devem ser resolvidos por brasileiros sem qualquer interfer\u00eancia estrangeira!<\/p>\n<p>Diante desse cen\u00e1rio, o SINPES, capitaneado pela Ordem dos Advogados do Brasil \u2013 Se\u00e7\u00e3o Paran\u00e1 e ao lado de in\u00fameras entidades da sociedade civil, conclama todos os professores e professoras do ensino superior privado de Curitiba, assim como toda a sociedade civil a se unirem.<\/p>\n<p>Esse movimento convoca a todos e todas, independentemente de posi\u00e7\u00f5es partid\u00e1rias e ideol\u00f3gicas, para defender a ind\u00fastria nacional, a nossa economia, a nossa cultura assim como todos os brasileiros e brasileiras!<\/p>\n<p>Venha manifestar-se conosco ao som da \u201cAquarela do Brasil\u201d!!<\/p>\n<p><strong>Data:<\/strong> 29\/08\/2025<\/p>\n<p><strong>Hor\u00e1rio:<\/strong> 17h<\/p>\n<p><strong>Local de concentra\u00e7\u00e3o:<\/strong> Pra\u00e7a Santos Andrade<\/p>\n<p><strong><em>#SINPESASSIM <\/em><\/strong><\/p>\n<!-- AddThis Advanced Settings generic via filter on the_content --><!-- AddThis Share Buttons generic via filter on the_content -->","protected":false},"excerpt":{"rendered":"<p>25\/08\/2025 \u201cMEU BRASIL BRASILEIRO\u201d O Sindicato dos Professores do Ensino Superior de Curitiba e Regi\u00e3o Metropolitana \u2013 SINPES &#8211; convoca professores, professoras, estudantes, trabalhadores do ensino superior e o p\u00fablico em geral para um ato em defesa da soberania nacional, no dia 29\/08\/2025, quando ser\u00e1 lan\u00e7ado o movimento Meu Brasil Brasileiro. Em meio \u00e0 interfer\u00eancia [&hellip;]<!-- AddThis Advanced Settings generic via filter on wp_trim_excerpt --><!-- AddThis Share Buttons generic via filter on wp_trim_excerpt --><\/p>\n","protected":false},"author":3,"featured_media":0,"comment_status":"closed","ping_status":"open","sticky":false,"template":"","format":"standard","meta":{"footnotes":""},"categories":[7,18,13,998],"tags":[1057,442,408,1059,1058],"class_list":["post-5262","post","type-post","status-publish","format-standard","hentry","category-arquivo-de-noticias","category-destaque","category-home","category-noticias-gerais","tag-ato","tag-democracia","tag-manifestacao","tag-movimento-meu-brasil-brasileiro","tag-soberania-nacional"],"_links":{"self":[{"href":"https:\/\/sinpes.org.br\/site\/wp-json\/wp\/v2\/posts\/5262","targetHints":{"allow":["GET"]}}],"collection":[{"href":"https:\/\/sinpes.org.br\/site\/wp-json\/wp\/v2\/posts"}],"about":[{"href":"https:\/\/sinpes.org.br\/site\/wp-json\/wp\/v2\/types\/post"}],"author":[{"embeddable":true,"href":"https:\/\/sinpes.org.br\/site\/wp-json\/wp\/v2\/users\/3"}],"replies":[{"embeddable":true,"href":"https:\/\/sinpes.org.br\/site\/wp-json\/wp\/v2\/comments?post=5262"}],"version-history":[{"count":1,"href":"https:\/\/sinpes.org.br\/site\/wp-json\/wp\/v2\/posts\/5262\/revisions"}],"predecessor-version":[{"id":5263,"href":"https:\/\/sinpes.org.br\/site\/wp-json\/wp\/v2\/posts\/5262\/revisions\/5263"}],"wp:attachment":[{"href":"https:\/\/sinpes.org.br\/site\/wp-json\/wp\/v2\/media?parent=5262"}],"wp:term":[{"taxonomy":"category","embeddable":true,"href":"https:\/\/sinpes.org.br\/site\/wp-json\/wp\/v2\/categories?post=5262"},{"taxonomy":"post_tag","embeddable":true,"href":"https:\/\/sinpes.org.br\/site\/wp-json\/wp\/v2\/tags?post=5262"}],"curies":[{"name":"wp","href":"https:\/\/api.w.org\/{rel}","templated":true}]}}