{"id":5260,"date":"2025-08-22T11:43:36","date_gmt":"2025-08-22T14:43:36","guid":{"rendered":"https:\/\/sinpes.org.br\/site\/?p=5260"},"modified":"2025-08-22T11:43:36","modified_gmt":"2025-08-22T14:43:36","slug":"uninter-nao-comparece-a-mesa-redonda-convocada-pelo-sinpes-para-tratar-de-despedidas-abusivas","status":"publish","type":"post","link":"https:\/\/sinpes.org.br\/site\/uninter-nao-comparece-a-mesa-redonda-convocada-pelo-sinpes-para-tratar-de-despedidas-abusivas\/","title":{"rendered":"UNINTER n\u00e3o comparece \u00e0 Mesa Redonda convocada pelo SINPES para tratar de despedidas abusivas"},"content":{"rendered":"<p><strong>22\/08\/2025<\/strong><\/p>\n<p>Na \u00faltima ter\u00e7a-feira (19), o Sindicato dos Professores do Ensino Superior de Curitiba e Regi\u00e3o Metropolitana \u2013 SINPES compareceu \u00e0 Superintend\u00eancia Regional do Trabalho do Minist\u00e9rio do Trabalho e Emprego no Paran\u00e1 para participar de mesa redonda com Centro Universit\u00e1rio Internacional \u2013 UNINTER. O objetivo da reuni\u00e3o era reverter coa\u00e7\u00e3o imposta aos professores para \u201csolicitarem\u201d redu\u00e7\u00e3o em 50% de suas cargas hor\u00e1rias, sob pena de demiss\u00e3o e seus desdobramentos.<\/p>\n<p>O UNINTER n\u00e3o compareceu ao evento, limitando-se a encaminhar manifesta\u00e7\u00e3o para o \u00f3rg\u00e3o administrativo \u201crepudiando\u201d as irregularidades constatadas pelo SINPES.<\/p>\n<p>O Sinpes informou ao mediador do Minist\u00e9rio do Trabalho, Dr. Luiz Fernando F\u00e1varo Busnardo, que a press\u00e3o patronal se deu no \u00e2mbito dos docentes que lecionam na p\u00f3s-gradua\u00e7\u00e3o de Direito. Tr\u00eas professores que resistiram \u00e0 determina\u00e7\u00e3o da empregadora foram impiedosamente demitidos. Um dos demitidos encaminhou ao SINPES c\u00f3pia de e-mail recebido do Coordenador do Mestrado agendando \u201creuni\u00e3o\u201d para o dia seguinte caso nada fosse remetido nenhum documento at\u00e9 18h00min. Nessa reuni\u00e3o consumou-se a despedida!<\/p>\n<p>Outros dois docentes, cujos \u201cpedidos\u201d de redu\u00e7\u00e3o de carga hor\u00e1ria foram recebidos com ressalvas pelo SINPES, conseguiram manter seus empregos cedendo \u00e0 press\u00e3o patronal.<\/p>\n<p>O SINPES lamenta o n\u00e3o comparecimento do UNINTER, frustrando-se a possibilidade de solu\u00e7\u00e3o dos problemas pela via conciliat\u00f3ria. Al\u00e9m de publicizar os fatos, o sindicato estuda a ado\u00e7\u00e3o de medidas para revers\u00e3o da redu\u00e7\u00e3o das cargas hor\u00e1rias no momento adequado para n\u00e3o prejudicar a manuten\u00e7\u00e3o no emprego desses dois professores. O prazo para a propositura de a\u00e7\u00e3o judicial \u00e9 de cinco anos a partir da ilegalidade no limite de dois anos ap\u00f3s eventual ruptura do contrato de trabalho.<\/p>\n<p>E orienta os professores demitidos a ajuizarem reclamat\u00f3rias trabalhistas individuais com o objetivo de serem reintegrados ao emprego em face da abusividade da despedida.<\/p>\n<p>O SINPES entrou em contato com o UNINTER solicitando uma nota sobre os fatos trazidos nesta publica\u00e7\u00e3o. Mas o Centro Universit\u00e1rio n\u00e3o se manifestou.<\/p>\n<p><strong>#SINPESASSIM <\/strong><\/p>\n<!-- AddThis Advanced Settings generic via filter on the_content --><!-- AddThis Share Buttons generic via filter on the_content -->","protected":false},"excerpt":{"rendered":"<p>22\/08\/2025 Na \u00faltima ter\u00e7a-feira (19), o Sindicato dos Professores do Ensino Superior de Curitiba e Regi\u00e3o Metropolitana \u2013 SINPES compareceu \u00e0 Superintend\u00eancia Regional do Trabalho do Minist\u00e9rio do Trabalho e Emprego no Paran\u00e1 para participar de mesa redonda com Centro Universit\u00e1rio Internacional \u2013 UNINTER. O objetivo da reuni\u00e3o era reverter coa\u00e7\u00e3o imposta aos professores para [&hellip;]<!-- AddThis Advanced Settings generic via filter on wp_trim_excerpt --><!-- AddThis Share Buttons generic via filter on wp_trim_excerpt --><\/p>\n","protected":false},"author":3,"featured_media":0,"comment_status":"closed","ping_status":"open","sticky":false,"template":"","format":"standard","meta":{"footnotes":""},"categories":[7,18,13,998],"tags":[558,413,126,541,469],"class_list":["post-5260","post","type-post","status-publish","format-standard","hentry","category-arquivo-de-noticias","category-destaque","category-home","category-noticias-gerais","tag-demissoes-no-uninter","tag-denuncia","tag-mesa-redonda","tag-professores-do-uninter","tag-uninter"],"_links":{"self":[{"href":"https:\/\/sinpes.org.br\/site\/wp-json\/wp\/v2\/posts\/5260","targetHints":{"allow":["GET"]}}],"collection":[{"href":"https:\/\/sinpes.org.br\/site\/wp-json\/wp\/v2\/posts"}],"about":[{"href":"https:\/\/sinpes.org.br\/site\/wp-json\/wp\/v2\/types\/post"}],"author":[{"embeddable":true,"href":"https:\/\/sinpes.org.br\/site\/wp-json\/wp\/v2\/users\/3"}],"replies":[{"embeddable":true,"href":"https:\/\/sinpes.org.br\/site\/wp-json\/wp\/v2\/comments?post=5260"}],"version-history":[{"count":1,"href":"https:\/\/sinpes.org.br\/site\/wp-json\/wp\/v2\/posts\/5260\/revisions"}],"predecessor-version":[{"id":5261,"href":"https:\/\/sinpes.org.br\/site\/wp-json\/wp\/v2\/posts\/5260\/revisions\/5261"}],"wp:attachment":[{"href":"https:\/\/sinpes.org.br\/site\/wp-json\/wp\/v2\/media?parent=5260"}],"wp:term":[{"taxonomy":"category","embeddable":true,"href":"https:\/\/sinpes.org.br\/site\/wp-json\/wp\/v2\/categories?post=5260"},{"taxonomy":"post_tag","embeddable":true,"href":"https:\/\/sinpes.org.br\/site\/wp-json\/wp\/v2\/tags?post=5260"}],"curies":[{"name":"wp","href":"https:\/\/api.w.org\/{rel}","templated":true}]}}