{"id":5257,"date":"2025-08-19T14:28:25","date_gmt":"2025-08-19T17:28:25","guid":{"rendered":"https:\/\/sinpes.org.br\/site\/?p=5257"},"modified":"2025-08-19T14:28:25","modified_gmt":"2025-08-19T17:28:25","slug":"sinpes-convoca-professores-as-da-assenar-que-lecionaram-no-periodo-noturno-a-partir-de-2010","status":"publish","type":"post","link":"https:\/\/sinpes.org.br\/site\/sinpes-convoca-professores-as-da-assenar-que-lecionaram-no-periodo-noturno-a-partir-de-2010\/","title":{"rendered":"SINPES convoca professores\/as da Assenar que lecionaram no per\u00edodo noturno a partir de 2010"},"content":{"rendered":"<p><strong>19\/08\/2025<\/strong><\/p>\n<p>O Sindicato dos Professores do Ensino Superior de Curitiba e Regi\u00e3o Metropolitana \u2013 SINPES convoca <strong>TODOS<\/strong> os professoras e professores da Assenar (Associa\u00e7\u00e3o de Ensino de Arauc\u00e1ria) que lecionaram <strong>a partir de dezembro de 2010, no per\u00edodo noturno.<\/strong><\/p>\n<p>Pede para que esses docentes encaminhem pelo e-mail <strong>sinpes@sinpes.org.br<\/strong> seus dados (data de admiss\u00e3o e demiss\u00e3o e CPF) com os respectivos comprovantes (termo de rescis\u00e3o, anota\u00e7\u00f5es na CTPS ou holerites), para que possam ser inclu\u00eddos como benefici\u00e1rios nas execu\u00e7\u00f5es de a\u00e7\u00e3o ajuizada pelo SINPES nos per\u00edodos em que efetivamente trabalharam. O objeto da a\u00e7\u00e3o que se executa \u00e9 o recebimento do adicional noturno exig\u00edvel a partir de 02.12.2010.<\/p>\n<p>Pede-se especial aten\u00e7\u00e3o para aqueles relacionados abaixo, os quais foram referidos na A\u00e7\u00e3o Coletiva Trabalhista de n\u00famero <strong>0002183-15.2015.5.09.0010 <\/strong>sem que houvesse alus\u00e3o aos seus CPFs. Esse fato inviabiliza por completo as execu\u00e7\u00f5es movidas de forma fracionada pelo SINPES no ano de 2015, por determina\u00e7\u00e3o judicial.<\/p>\n<p>Os potenciais benefici\u00e1rios devem entrar em contato com o sindicato at\u00e9 o dia <strong>10\/09\/2025<\/strong> sob pena das execu\u00e7\u00f5es inviabilizarem-se.<\/p>\n<p>Os contatos do SINPES s\u00e3o:<\/p>\n<p><strong>E-mail:<\/strong> <a href=\"mailto:sinpes@sinpes.org.br\">sinpes@sinpes.org.br<\/a><\/p>\n<p><strong>Telefone:<\/strong> (41) 3225-1041<\/p>\n<p>Lista de potenciais benefici\u00e1rios na A\u00e7\u00e3o 0002183-15.2015.5.09.0010 cujos CPFs s\u00e3o desconhecidos do SINPES:<\/p>\n<table width=\"329\">\n<tbody>\n<tr>\n<td width=\"329\">ALCEU ALVES CORDEIRO NETO<\/td>\n<\/tr>\n<tr>\n<td width=\"329\">ALINE FERNANDA DIAS NADOROSKI<\/td>\n<\/tr>\n<tr>\n<td width=\"329\">ALLISON LUIS SILVA<\/td>\n<\/tr>\n<tr>\n<td width=\"329\">ANA BEATRIZ BOCON DA SILVA<\/td>\n<\/tr>\n<tr>\n<td width=\"329\">ANDREIA TABORDA DE OLIVEIRA<\/td>\n<\/tr>\n<tr>\n<td width=\"329\">BIBIANA CAROLINE FONTELLA<\/td>\n<\/tr>\n<tr>\n<td width=\"329\">CAMILA ALVES DE ALMEIDA<\/td>\n<\/tr>\n<tr>\n<td width=\"329\">CECILIA MARI BRIDI<\/td>\n<\/tr>\n<tr>\n<td width=\"329\">CLAUDIOMARIA RAMOS PIRES<\/td>\n<\/tr>\n<tr>\n<td width=\"329\">CRISTIANE KLECHOVICZ<\/td>\n<\/tr>\n<tr>\n<td width=\"329\">DANIELI STRUGALA<\/td>\n<\/tr>\n<tr>\n<td width=\"329\">DERYK TIERSCHNNABEL<\/td>\n<\/tr>\n<tr>\n<td width=\"329\">DIEGO FOGACA SANTOS<\/td>\n<\/tr>\n<tr>\n<td width=\"329\">DIODGENES NEORY LUTHKE<\/td>\n<\/tr>\n<tr>\n<td width=\"329\">ELEANDRA SOUZA DOS SANTOS MARINHO<\/td>\n<\/tr>\n<tr>\n<td width=\"329\">ELISANGELA BARBOSA DOS SANTOS<\/td>\n<\/tr>\n<tr>\n<td width=\"329\">ELIZA VIVIANE BATISTA<\/td>\n<\/tr>\n<tr>\n<td width=\"329\">ELVERTON CASSIOS MASSI<\/td>\n<\/tr>\n<tr>\n<td width=\"329\">FABRICIO VIANNA DA SILVA<\/td>\n<\/tr>\n<tr>\n<td width=\"329\">FERNANDO SCHMITZ SMOKOVICZ<\/td>\n<\/tr>\n<tr>\n<td width=\"329\">FRANCISCO ROSA<\/td>\n<\/tr>\n<tr>\n<td width=\"329\">GABRIEL PEREIRA MARINHO<\/td>\n<\/tr>\n<tr>\n<td width=\"329\">GILIANE CRISTINE JESS<\/td>\n<\/tr>\n<tr>\n<td width=\"329\">GILSON DE JESUS GONCALVES<\/td>\n<\/tr>\n<tr>\n<td width=\"329\">JAIME MARKOVICZ<\/td>\n<\/tr>\n<tr>\n<td width=\"329\">JOLENA DE SANTI SOARES<\/td>\n<\/tr>\n<tr>\n<td width=\"329\">JOSE FERNANDES RIBEIRO<\/td>\n<\/tr>\n<tr>\n<td width=\"329\">KAIQUE ANTONIO RAMOS<\/td>\n<\/tr>\n<tr>\n<td width=\"329\">KARINA LUCY BOROWSKI<\/td>\n<\/tr>\n<tr>\n<td width=\"329\">LEONI DOS ANJOS<\/td>\n<\/tr>\n<tr>\n<td width=\"329\">LUCAS LIRA FINOTI<\/td>\n<\/tr>\n<tr>\n<td width=\"329\">LUIZ CARLOS PRATES<\/td>\n<\/tr>\n<tr>\n<td width=\"329\">MARCIA REGINA CAMARGO RAMOS<\/td>\n<\/tr>\n<tr>\n<td width=\"329\">MARCOS ADRIANO G DE MOURA<\/td>\n<\/tr>\n<tr>\n<td width=\"329\">MARIA DE LOURDES BRAZ FERREIRA<\/td>\n<\/tr>\n<tr>\n<td width=\"329\">MARINA STELMAK DE SENE<\/td>\n<\/tr>\n<tr>\n<td width=\"329\">MARINES APARECIDA IOUNGBLOD<\/td>\n<\/tr>\n<tr>\n<td width=\"329\">MARISTELA BALICKI DE MELO<\/td>\n<\/tr>\n<tr>\n<td width=\"329\">NAYARA BAUMEL BELLO<\/td>\n<\/tr>\n<tr>\n<td width=\"329\">OSVALDO LUIZ NOVINSKI<\/td>\n<\/tr>\n<tr>\n<td width=\"329\">PATRICIA A DOS SANTOS NESIO<\/td>\n<\/tr>\n<tr>\n<td width=\"329\">PATRICIA APARECIDA VELHO<\/td>\n<\/tr>\n<tr>\n<td width=\"329\">PATRICIA CRISTINA W DA SILVA<\/td>\n<\/tr>\n<tr>\n<td width=\"329\">PEDRO DE ALMEIDA JORGE<\/td>\n<\/tr>\n<tr>\n<td width=\"329\">RODRIGO FLORENCIO DE LIMA<\/td>\n<\/tr>\n<tr>\n<td width=\"329\">ROSANE GAJDA<\/td>\n<\/tr>\n<tr>\n<td width=\"329\">ROSELIANE NUNES DA LUZ<\/td>\n<\/tr>\n<tr>\n<td width=\"329\">ROSICLER ALVES DA SILVA<\/td>\n<\/tr>\n<tr>\n<td width=\"329\">SABRINA APARECIDA P FRAGOSO<\/td>\n<\/tr>\n<tr>\n<td width=\"329\">SANDRO TEIXEIRA RIBEIRO<\/td>\n<\/tr>\n<tr>\n<td width=\"329\">TACIANE NECKEL LIMA<\/td>\n<\/tr>\n<tr>\n<td width=\"329\">THAISE MARCELA N OLIVEIRA ANDRADE<\/td>\n<\/tr>\n<tr>\n<td width=\"329\">THIAGO SILVIO AUGUSTO<\/td>\n<\/tr>\n<tr>\n<td width=\"329\">VALDEVINO DA LUZ RUSSI<\/td>\n<\/tr>\n<tr>\n<td width=\"329\">VALMIR CARLOS TEIXEIRA<\/td>\n<\/tr>\n<tr>\n<td width=\"329\">VINICIUS PEREIRA DA SILVA<\/td>\n<\/tr>\n<tr>\n<td width=\"329\">WASHINGTON BATISTA DE OLIVEIRA<\/td>\n<\/tr>\n<\/tbody>\n<\/table>\n<p>&nbsp;<\/p>\n<p><strong>SINPES ASSIM!<\/strong><\/p>\n<!-- AddThis Advanced Settings generic via filter on the_content --><!-- AddThis Share Buttons generic via filter on the_content -->","protected":false},"excerpt":{"rendered":"<p>19\/08\/2025 O Sindicato dos Professores do Ensino Superior de Curitiba e Regi\u00e3o Metropolitana \u2013 SINPES convoca TODOS os professoras e professores da Assenar (Associa\u00e7\u00e3o de Ensino de Arauc\u00e1ria) que lecionaram a partir de dezembro de 2010, no per\u00edodo noturno. Pede para que esses docentes encaminhem pelo e-mail sinpes@sinpes.org.br seus dados (data de admiss\u00e3o e demiss\u00e3o [&hellip;]<!-- AddThis Advanced Settings generic via filter on wp_trim_excerpt --><!-- AddThis Share Buttons generic via filter on wp_trim_excerpt --><\/p>\n","protected":false},"author":3,"featured_media":0,"comment_status":"closed","ping_status":"open","sticky":false,"template":"","format":"standard","meta":{"footnotes":""},"categories":[7,18,13,998],"tags":[1056,290,958,867],"class_list":["post-5257","post","type-post","status-publish","format-standard","hentry","category-arquivo-de-noticias","category-destaque","category-home","category-noticias-gerais","tag-acao-assenar","tag-assenar","tag-professores-da-assenar","tag-unifacear"],"_links":{"self":[{"href":"https:\/\/sinpes.org.br\/site\/wp-json\/wp\/v2\/posts\/5257","targetHints":{"allow":["GET"]}}],"collection":[{"href":"https:\/\/sinpes.org.br\/site\/wp-json\/wp\/v2\/posts"}],"about":[{"href":"https:\/\/sinpes.org.br\/site\/wp-json\/wp\/v2\/types\/post"}],"author":[{"embeddable":true,"href":"https:\/\/sinpes.org.br\/site\/wp-json\/wp\/v2\/users\/3"}],"replies":[{"embeddable":true,"href":"https:\/\/sinpes.org.br\/site\/wp-json\/wp\/v2\/comments?post=5257"}],"version-history":[{"count":1,"href":"https:\/\/sinpes.org.br\/site\/wp-json\/wp\/v2\/posts\/5257\/revisions"}],"predecessor-version":[{"id":5258,"href":"https:\/\/sinpes.org.br\/site\/wp-json\/wp\/v2\/posts\/5257\/revisions\/5258"}],"wp:attachment":[{"href":"https:\/\/sinpes.org.br\/site\/wp-json\/wp\/v2\/media?parent=5257"}],"wp:term":[{"taxonomy":"category","embeddable":true,"href":"https:\/\/sinpes.org.br\/site\/wp-json\/wp\/v2\/categories?post=5257"},{"taxonomy":"post_tag","embeddable":true,"href":"https:\/\/sinpes.org.br\/site\/wp-json\/wp\/v2\/tags?post=5257"}],"curies":[{"name":"wp","href":"https:\/\/api.w.org\/{rel}","templated":true}]}}