{"id":5255,"date":"2025-08-18T15:17:27","date_gmt":"2025-08-18T18:17:27","guid":{"rendered":"https:\/\/sinpes.org.br\/site\/?p=5255"},"modified":"2025-08-18T15:17:27","modified_gmt":"2025-08-18T18:17:27","slug":"desdobramentos-das-demissoes-abusivas-no-uninter","status":"publish","type":"post","link":"https:\/\/sinpes.org.br\/site\/desdobramentos-das-demissoes-abusivas-no-uninter\/","title":{"rendered":"DESDOBRAMENTOS DAS DEMISS\u00d5ES ABUSIVAS NO UNINTER"},"content":{"rendered":"<p><strong>18\/08\/2025<\/strong><\/p>\n<p>Tr\u00eas professores do Mestrado de Direito do UNINTER, que resistiram \u00e0 press\u00e3o patronal para que escrevessem \u201cde pr\u00f3prio punho\u201d pedidos de redu\u00e7\u00e3o de carga hor\u00e1ria pela metade (de 40 para 20 horas aulas semanais) foram efetivamente demitidos.<\/p>\n<p>Outros tr\u00eas docentes da mesma \u00e1rea, cujos \u201cpedidos\u201d de redu\u00e7\u00e3o de carga hor\u00e1ria foram recebidos com ressalvas pelo SINPES, conseguiram manter seus empregos em face de terem cedido \u00e0 press\u00e3o patronal, segundo den\u00fancias encaminhadas ao SINPES.<\/p>\n<p>Com o objetivo de obter esclarecimentos acerca desses acontecimentos e a revers\u00e3o das despedidas e redu\u00e7\u00f5es de cargas hor\u00e1rias abusivas o SINPES \u2013 Sindicato dos Professores do Ensino Superior convocou o UNINTER para uma mesa redonda na Superintend\u00eancia Regional do Trabalho. Essa reuni\u00e3o acontecer\u00e1 \u00e0s 15h do dia <strong>19\/08\/2025<\/strong>.<\/p>\n<p>O Sinpes reputa importante que os dirigentes dessa institui\u00e7\u00e3o de ensino superior sentem \u00e0 mesa de negocia\u00e7\u00f5es para evitar a judicializa\u00e7\u00e3o dessas quest\u00f5es ao contr\u00e1rio de conduta adotada recentemente, quando simplesmente deixaram de comparecer a uma mesa redonda para a qual foram convocados pelo SINPES.<\/p>\n<p>O SINPES entrou em contato com o Uninter pedindo uma nota de esclarecimento sobre os fatos trazidos neste texto. No entanto, at\u00e9 sua publica\u00e7\u00e3o o Uninter n\u00e3o tinha se manifestado.<\/p>\n<p><strong>#SINPESASSIM <\/strong><\/p>\n<!-- AddThis Advanced Settings generic via filter on the_content --><!-- AddThis Share Buttons generic via filter on the_content -->","protected":false},"excerpt":{"rendered":"<p>18\/08\/2025 Tr\u00eas professores do Mestrado de Direito do UNINTER, que resistiram \u00e0 press\u00e3o patronal para que escrevessem \u201cde pr\u00f3prio punho\u201d pedidos de redu\u00e7\u00e3o de carga hor\u00e1ria pela metade (de 40 para 20 horas aulas semanais) foram efetivamente demitidos. Outros tr\u00eas docentes da mesma \u00e1rea, cujos \u201cpedidos\u201d de redu\u00e7\u00e3o de carga hor\u00e1ria foram recebidos com ressalvas [&hellip;]<!-- AddThis Advanced Settings generic via filter on wp_trim_excerpt --><!-- AddThis Share Buttons generic via filter on wp_trim_excerpt --><\/p>\n","protected":false},"author":3,"featured_media":0,"comment_status":"closed","ping_status":"open","sticky":false,"template":"","format":"standard","meta":{"footnotes":""},"categories":[7,18,13],"tags":[544,126,541,469],"class_list":["post-5255","post","type-post","status-publish","format-standard","hentry","category-arquivo-de-noticias","category-destaque","category-home","tag-demissoes-uninter","tag-mesa-redonda","tag-professores-do-uninter","tag-uninter"],"_links":{"self":[{"href":"https:\/\/sinpes.org.br\/site\/wp-json\/wp\/v2\/posts\/5255","targetHints":{"allow":["GET"]}}],"collection":[{"href":"https:\/\/sinpes.org.br\/site\/wp-json\/wp\/v2\/posts"}],"about":[{"href":"https:\/\/sinpes.org.br\/site\/wp-json\/wp\/v2\/types\/post"}],"author":[{"embeddable":true,"href":"https:\/\/sinpes.org.br\/site\/wp-json\/wp\/v2\/users\/3"}],"replies":[{"embeddable":true,"href":"https:\/\/sinpes.org.br\/site\/wp-json\/wp\/v2\/comments?post=5255"}],"version-history":[{"count":1,"href":"https:\/\/sinpes.org.br\/site\/wp-json\/wp\/v2\/posts\/5255\/revisions"}],"predecessor-version":[{"id":5256,"href":"https:\/\/sinpes.org.br\/site\/wp-json\/wp\/v2\/posts\/5255\/revisions\/5256"}],"wp:attachment":[{"href":"https:\/\/sinpes.org.br\/site\/wp-json\/wp\/v2\/media?parent=5255"}],"wp:term":[{"taxonomy":"category","embeddable":true,"href":"https:\/\/sinpes.org.br\/site\/wp-json\/wp\/v2\/categories?post=5255"},{"taxonomy":"post_tag","embeddable":true,"href":"https:\/\/sinpes.org.br\/site\/wp-json\/wp\/v2\/tags?post=5255"}],"curies":[{"name":"wp","href":"https:\/\/api.w.org\/{rel}","templated":true}]}}