{"id":5249,"date":"2025-08-08T16:13:56","date_gmt":"2025-08-08T19:13:56","guid":{"rendered":"https:\/\/sinpes.org.br\/site\/?p=5249"},"modified":"2025-08-08T16:13:56","modified_gmt":"2025-08-08T19:13:56","slug":"dia-dos-pais-e-a-defesa-da-democracia","status":"publish","type":"post","link":"https:\/\/sinpes.org.br\/site\/dia-dos-pais-e-a-defesa-da-democracia\/","title":{"rendered":"Dia dos Pais e a Defesa da Democracia"},"content":{"rendered":"<p><strong>10\/08\/2025<\/strong><\/p>\n<p>O Sindicato dos Professores do Ensino Superior de Curitiba e Regi\u00e3o Metropolitana \u2013 SINPES convida \u00e0 reflex\u00e3o sobre o papel fundamental que pais e professores(as) desempenham na forma\u00e7\u00e3o das novas gera\u00e7\u00f5es e na constru\u00e7\u00e3o de uma sociedade mais justa e solid\u00e1ria.<\/p>\n<p>Mais do que uma homenagem individual, essa data compele \u00e0 reflex\u00e3o acerca dos valores essenciais que devem ser transmitidos de gera\u00e7\u00e3o em gera\u00e7\u00e3o.<\/p>\n<p>Entre eles, o respeito e a defesa intransigente \u00e0 democracia e ao Estado de Direito, amea\u00e7ados diuturnamente pelas sombras da ditadura e alvos recentes de graves ataques nos \u00faltimos dias, em que se pretende a subjuga\u00e7\u00e3o a f\u00f3rceps dos poderes constitu\u00eddos a um Estado Estrangeiro.<\/p>\n<p>Neste cen\u00e1rio, o SINPES convida para uma reflex\u00e3o sobre os caminhos para uma educa\u00e7\u00e3o para democracia que leve em conta os desafios hist\u00f3ricos do Brasil. Em casa \u00e9 que come\u00e7a a semeadura para a cultura democr\u00e1tica que deve prosseguir na Escola. Na fam\u00edlia \u00e9 que devem ser inicialmente problematizas quest\u00f5es raciais, desigualdades de g\u00eanero e o devido respeito \u00e0 Natureza, \u00e0 diversidade \u00e0 Justi\u00e7a Social e ao devido processo legal.<\/p>\n<p>Assim, o Dia dos Pais \u00e9 preciosa oportunidade para refor\u00e7ar a import\u00e2ncia dos valores democr\u00e1ticos no cotidiano familiar e na Escola. Dialogar, ouvir e respeitar as opini\u00f5es de todos no \u00e2mbito familiar e educacional s\u00e3o pr\u00e1ticas que fortalecem o entendimento m\u00fatuo e promovem uma cultura de paz e respeito. Essas atitudes, quando cultivadas desde cedo, ajudam a consolidar uma sociedade mais democr\u00e1tica, onde a diversidade \u00e9 valorizada e os direitos de todos s\u00e3o respeitados.<\/p>\n<p>Em tempos de desafios pol\u00edticos e sociais, a defesa da democracia torna-se ainda mais urgente. \u00c9 papel de cada um de n\u00f3s no \u00e2mbito da Fam\u00edlia e das Institui\u00e7\u00f5es de Ensino promover o entendimento, combater a intoler\u00e2ncia e incentivar a participa\u00e7\u00e3o cidad\u00e3 das novas gera\u00e7\u00f5es.<\/p>\n<p><strong>#SinpesAssim <\/strong><\/p>\n<p>&nbsp;<\/p>\n<!-- AddThis Advanced Settings generic via filter on the_content --><!-- AddThis Share Buttons generic via filter on the_content -->","protected":false},"excerpt":{"rendered":"<p>10\/08\/2025 O Sindicato dos Professores do Ensino Superior de Curitiba e Regi\u00e3o Metropolitana \u2013 SINPES convida \u00e0 reflex\u00e3o sobre o papel fundamental que pais e professores(as) desempenham na forma\u00e7\u00e3o das novas gera\u00e7\u00f5es e na constru\u00e7\u00e3o de uma sociedade mais justa e solid\u00e1ria. Mais do que uma homenagem individual, essa data compele \u00e0 reflex\u00e3o acerca dos [&hellip;]<!-- AddThis Advanced Settings generic via filter on wp_trim_excerpt --><!-- AddThis Share Buttons generic via filter on wp_trim_excerpt --><\/p>\n","protected":false},"author":3,"featured_media":0,"comment_status":"closed","ping_status":"open","sticky":false,"template":"","format":"standard","meta":{"footnotes":""},"categories":[7,18,13],"tags":[443,442,1054,1055,1053,22],"class_list":["post-5249","post","type-post","status-publish","format-standard","hentry","category-arquivo-de-noticias","category-destaque","category-home","tag-defesa-da-democracia","tag-democracia","tag-dia-dos-pais","tag-familia","tag-pais","tag-professores"],"_links":{"self":[{"href":"https:\/\/sinpes.org.br\/site\/wp-json\/wp\/v2\/posts\/5249","targetHints":{"allow":["GET"]}}],"collection":[{"href":"https:\/\/sinpes.org.br\/site\/wp-json\/wp\/v2\/posts"}],"about":[{"href":"https:\/\/sinpes.org.br\/site\/wp-json\/wp\/v2\/types\/post"}],"author":[{"embeddable":true,"href":"https:\/\/sinpes.org.br\/site\/wp-json\/wp\/v2\/users\/3"}],"replies":[{"embeddable":true,"href":"https:\/\/sinpes.org.br\/site\/wp-json\/wp\/v2\/comments?post=5249"}],"version-history":[{"count":1,"href":"https:\/\/sinpes.org.br\/site\/wp-json\/wp\/v2\/posts\/5249\/revisions"}],"predecessor-version":[{"id":5250,"href":"https:\/\/sinpes.org.br\/site\/wp-json\/wp\/v2\/posts\/5249\/revisions\/5250"}],"wp:attachment":[{"href":"https:\/\/sinpes.org.br\/site\/wp-json\/wp\/v2\/media?parent=5249"}],"wp:term":[{"taxonomy":"category","embeddable":true,"href":"https:\/\/sinpes.org.br\/site\/wp-json\/wp\/v2\/categories?post=5249"},{"taxonomy":"post_tag","embeddable":true,"href":"https:\/\/sinpes.org.br\/site\/wp-json\/wp\/v2\/tags?post=5249"}],"curies":[{"name":"wp","href":"https:\/\/api.w.org\/{rel}","templated":true}]}}