{"id":5176,"date":"2025-06-24T10:02:32","date_gmt":"2025-06-24T13:02:32","guid":{"rendered":"https:\/\/sinpes.org.br\/site\/?p=5176"},"modified":"2025-06-24T10:02:32","modified_gmt":"2025-06-24T13:02:32","slug":"problemas-salariais-na-dom-bosco-acao-ajuizada-pelo-sinpes","status":"publish","type":"post","link":"https:\/\/sinpes.org.br\/site\/problemas-salariais-na-dom-bosco-acao-ajuizada-pelo-sinpes\/","title":{"rendered":"PROBLEMAS SALARIAIS NA DOM BOSCO \/ A\u00c7\u00c3O AJUIZADA PELO SINPES"},"content":{"rendered":"<p><strong>24\/06\/2025<\/strong><\/p>\n<p>Com o objetivo de minimizar os imensos preju\u00edzos sofridos em face da demora para a conclus\u00e3o das negocia\u00e7\u00f5es coletivas para a assinatura da CCT 2025\/2026 o SINPES ajuizar\u00e1 ainda esse m\u00eas a\u00e7\u00e3o trabalhista como substituto processual dos professores atuais e antigos do Centro Universit\u00e1rio Dom Bosco.<\/p>\n<p>Nessa a\u00e7\u00e3o, ser\u00e3o postuladas diferen\u00e7as salariais em face do pagamento discrepante da hora-aula de acordo com a atividade desenvolvida. Para as aulas te\u00f3ricas lecionadas \u00e9 pago valor superior ao quitado para as aulas de est\u00e1gio.<\/p>\n<p>A ilegalidade desta conduta j\u00e1 foi reconhecida por diversas decis\u00f5es oriundas da Justi\u00e7a do Trabalho de primeira e segunda inst\u00e2ncia, pois n\u00e3o se justifica discrep\u00e2ncia salarial para atividades docentes praticadas por professor qualificado.<\/p>\n<p>A a\u00e7\u00e3o ajuizada pelo SINPES pede o pagamento de diferen\u00e7as salariais em face desse pagamento a menor mais todos os reflexos da\u00ed decorrentes, al\u00e9m de exigir o pagamento de adicional noturno para os professores que lecionam al\u00e9m de 22 horas, pr\u00e1tica tamb\u00e9m n\u00e3o observada por essa institui\u00e7\u00e3o de ensino.<\/p>\n<p>O Sindicato entrou em contato com a Assessoria de Imprensa do UniDombosco pedindo um posicionamento sobre as den\u00fancias trazidas neste texto. Por\u00e9m, at\u00e9 a publica\u00e7\u00e3o do mesmo a universidade n\u00e3o tinha se manifestado.<\/p>\n<p><strong>SINPES ASSIM!<\/strong><\/p>\n<!-- AddThis Advanced Settings generic via filter on the_content --><!-- AddThis Share Buttons generic via filter on the_content -->","protected":false},"excerpt":{"rendered":"<p>24\/06\/2025 Com o objetivo de minimizar os imensos preju\u00edzos sofridos em face da demora para a conclus\u00e3o das negocia\u00e7\u00f5es coletivas para a assinatura da CCT 2025\/2026 o SINPES ajuizar\u00e1 ainda esse m\u00eas a\u00e7\u00e3o trabalhista como substituto processual dos professores atuais e antigos do Centro Universit\u00e1rio Dom Bosco. Nessa a\u00e7\u00e3o, ser\u00e3o postuladas diferen\u00e7as salariais em face [&hellip;]<!-- AddThis Advanced Settings generic via filter on wp_trim_excerpt --><!-- AddThis Share Buttons generic via filter on wp_trim_excerpt --><\/p>\n","protected":false},"author":3,"featured_media":0,"comment_status":"closed","ping_status":"open","sticky":false,"template":"","format":"standard","meta":{"footnotes":""},"categories":[7,18,13],"tags":[24,413,127,1046,58,658],"class_list":["post-5176","post","type-post","status-publish","format-standard","hentry","category-arquivo-de-noticias","category-destaque","category-home","tag-acao","tag-denuncia","tag-dom-bosco","tag-professores-da-dom-bosco","tag-salario","tag-unidombosco"],"_links":{"self":[{"href":"https:\/\/sinpes.org.br\/site\/wp-json\/wp\/v2\/posts\/5176","targetHints":{"allow":["GET"]}}],"collection":[{"href":"https:\/\/sinpes.org.br\/site\/wp-json\/wp\/v2\/posts"}],"about":[{"href":"https:\/\/sinpes.org.br\/site\/wp-json\/wp\/v2\/types\/post"}],"author":[{"embeddable":true,"href":"https:\/\/sinpes.org.br\/site\/wp-json\/wp\/v2\/users\/3"}],"replies":[{"embeddable":true,"href":"https:\/\/sinpes.org.br\/site\/wp-json\/wp\/v2\/comments?post=5176"}],"version-history":[{"count":1,"href":"https:\/\/sinpes.org.br\/site\/wp-json\/wp\/v2\/posts\/5176\/revisions"}],"predecessor-version":[{"id":5177,"href":"https:\/\/sinpes.org.br\/site\/wp-json\/wp\/v2\/posts\/5176\/revisions\/5177"}],"wp:attachment":[{"href":"https:\/\/sinpes.org.br\/site\/wp-json\/wp\/v2\/media?parent=5176"}],"wp:term":[{"taxonomy":"category","embeddable":true,"href":"https:\/\/sinpes.org.br\/site\/wp-json\/wp\/v2\/categories?post=5176"},{"taxonomy":"post_tag","embeddable":true,"href":"https:\/\/sinpes.org.br\/site\/wp-json\/wp\/v2\/tags?post=5176"}],"curies":[{"name":"wp","href":"https:\/\/api.w.org\/{rel}","templated":true}]}}