{"id":512,"date":"2015-05-05T00:19:35","date_gmt":"2015-05-05T03:19:35","guid":{"rendered":"http:\/\/sinpes.org.br\/site\/?p=512"},"modified":"2015-05-05T00:19:35","modified_gmt":"2015-05-05T03:19:35","slug":"puc-nota-de-repudio","status":"publish","type":"post","link":"https:\/\/sinpes.org.br\/site\/puc-nota-de-repudio\/","title":{"rendered":"PUC \u2013 Nota de Rep\u00fadio"},"content":{"rendered":"<p style=\"text-align: right;\">\u201cAquele que abre uma porta de escola, fecha uma pris\u00e3o.\u201d<br \/>\nVictor Hugo<\/p>\n<p style=\"text-align: justify;\">\n<p style=\"text-align: justify;\">Com indigna\u00e7\u00e3o, n\u00f3s, professores e estudantes da Pontif\u00edcia Universidade Cat\u00f3lica do Paran\u00e1, aqui representados pela Associa\u00e7\u00e3o de Professores (APPUC), Sindicato dos Professores do Ensino Superior (SINPES), <!--more-->Diret\u00f3rio Central dos Estudantes (DCE-PUCPR) e N\u00facleo de Direitos Humanos\/PUCPR, manifestamos publicamente nosso rep\u00fadio ao ato de desrespeito e viol\u00eancia praticado no dia de ontem, 29 de Abril de 2015, aos professores da rede p\u00fablica estadual do Paran\u00e1, que estavam exercendo seu direito de manifesta\u00e7\u00e3o constitucionalmente garantido em frente \u00e0 Assembleia Legislativa.<\/p>\n<p style=\"text-align: justify;\">A forma com que nossos professores, profissionais fundamentais para a constru\u00e7\u00e3o de uma sociedade menos desigual e mais justa, foram tratados, merece uma resposta da sociedade paranaense. A educa\u00e7\u00e3o tem sido continuamente negligenciada pelos gestores, fato constatado ao longo dos anos pelo pouco investimento e cont\u00ednua precariza\u00e7\u00e3o do ensino, das escolas e das condi\u00e7\u00f5es de trabalho, bem como pelo desmonte da autonomia das escolas de educa\u00e7\u00e3o b\u00e1sica e institui\u00e7\u00f5es de ensino superior estaduais.<\/p>\n<p style=\"text-align: justify;\">O uso ensandecido da for\u00e7a policial contra estes profissionais, pais e m\u00e3es de fam\u00edlia, muitos deles(as) acompanhados(as) de seus filhos(as), fere e agride a democracia, e se revela como um profundo atentado aos direitos humanos.<\/p>\n<p style=\"text-align: justify;\">A comunidade acad\u00eamica da Pontif\u00edcia Universidade Cat\u00f3lica do Paran\u00e1, representada pelas suas entidades, se solidariza com os(as) companheiros(as) que estiveram pacificamente exercendo seu direito de manifesta\u00e7\u00e3o, sustentando que a postura docente \u00e9 sempre a de promover o di\u00e1logo e o esclarecimento, requisitos indispens\u00e1veis para uma sociedade democr\u00e1tica. Conclama ainda a sociedade paranaense a manifestar seu rep\u00fadio aos atos de viol\u00eancia vivenciados pelos professores, colocando uma faixa preta nas janelas e varandas de suas casas, e solidarizar-se com os atos p\u00fablicos de resist\u00eancia contra os desmandos governamentais.<\/p>\n<p style=\"text-align: justify;\">\n<p style=\"text-align: justify;\">\n<p style=\"text-align: justify;\">Curitiba, 30 de Abril de 2015.<\/p>\n<p style=\"text-align: justify;\">\n<p style=\"text-align: justify;\">\n<p style=\"text-align: justify;\">\n<p style=\"text-align: justify;\">Associa\u00e7\u00e3o dos Professores da PUCPR\u00a0 &#8211; APPUC<\/p>\n<p style=\"text-align: justify;\">Sindicato dos Professores do Ensino Superior \u2013 SINPES<\/p>\n<p style=\"text-align: justify;\">Diret\u00f3rio Central dos Estudantes \u2013 DCE\/PUCPR<\/p>\n<p style=\"text-align: justify;\">N\u00facleo de Direitos Humanos\/PUCPR<\/p>\n<p style=\"text-align: justify;\"><img loading=\"lazy\" decoding=\"async\" class=\" aligncenter\" src=\"http:\/\/mercantes.com.br\/suporte\/download_attachment.php?att_id=1234&amp;track=2EM-355-PQ9S\" alt=\"\" width=\"506\" height=\"380\" \/><\/p>\n<p style=\"text-align: justify;\"><img loading=\"lazy\" decoding=\"async\" class=\" aligncenter\" src=\"http:\/\/mercantes.com.br\/suporte\/download_attachment.php?att_id=1235&amp;track=2EM-355-PQ9S\" alt=\"\" width=\"507\" height=\"338\" \/><\/p>\n<p style=\"text-align: justify;\"><img loading=\"lazy\" decoding=\"async\" class=\" aligncenter\" src=\"http:\/\/mercantes.com.br\/suporte\/download_attachment.php?att_id=1236&amp;track=2EM-355-PQ9S\" alt=\"\" width=\"507\" height=\"285\" \/><\/p>\n<p style=\"text-align: justify;\"><img loading=\"lazy\" decoding=\"async\" class=\" aligncenter\" src=\"http:\/\/mercantes.com.br\/suporte\/download_attachment.php?att_id=1237&amp;track=2EM-355-PQ9S\" alt=\"\" width=\"510\" height=\"287\" \/><\/p>\n<p style=\"text-align: justify;\"><img loading=\"lazy\" decoding=\"async\" class=\" aligncenter\" src=\"http:\/\/mercantes.com.br\/suporte\/download_attachment.php?att_id=1238&amp;track=2EM-355-PQ9S\" alt=\"\" width=\"511\" height=\"383\" \/><\/p>\n<p style=\"text-align: justify;\"><img loading=\"lazy\" decoding=\"async\" class=\" aligncenter\" src=\"http:\/\/mercantes.com.br\/suporte\/download_attachment.php?att_id=1239&amp;track=2EM-355-PQ9S\" alt=\"\" width=\"510\" height=\"382\" \/><\/p>\n<p style=\"text-align: justify;\"><img loading=\"lazy\" decoding=\"async\" class=\" aligncenter\" src=\"http:\/\/mercantes.com.br\/suporte\/download_attachment.php?att_id=1240&amp;track=2EM-355-PQ9S\" alt=\"\" width=\"510\" height=\"287\" \/><\/p>\n<!-- AddThis Advanced Settings generic via filter on the_content --><!-- AddThis Share Buttons generic via filter on the_content -->","protected":false},"excerpt":{"rendered":"<p>\u201cAquele que abre uma porta de escola, fecha uma pris\u00e3o.\u201d Victor Hugo Com indigna\u00e7\u00e3o, n\u00f3s, professores e estudantes da Pontif\u00edcia Universidade Cat\u00f3lica do Paran\u00e1, aqui representados pela Associa\u00e7\u00e3o de Professores (APPUC), Sindicato dos Professores do Ensino Superior (SINPES),<!-- AddThis Advanced Settings generic via filter on wp_trim_excerpt --><!-- AddThis Share Buttons generic via filter on wp_trim_excerpt --><\/p>\n","protected":false},"author":2,"featured_media":517,"comment_status":"closed","ping_status":"open","sticky":false,"template":"","format":"standard","meta":{"footnotes":""},"categories":[18,13,2],"tags":[61,52],"class_list":["post-512","post","type-post","status-publish","format-standard","has-post-thumbnail","hentry","category-destaque","category-home","category-puc","tag-puc","tag-repudio"],"_links":{"self":[{"href":"https:\/\/sinpes.org.br\/site\/wp-json\/wp\/v2\/posts\/512","targetHints":{"allow":["GET"]}}],"collection":[{"href":"https:\/\/sinpes.org.br\/site\/wp-json\/wp\/v2\/posts"}],"about":[{"href":"https:\/\/sinpes.org.br\/site\/wp-json\/wp\/v2\/types\/post"}],"author":[{"embeddable":true,"href":"https:\/\/sinpes.org.br\/site\/wp-json\/wp\/v2\/users\/2"}],"replies":[{"embeddable":true,"href":"https:\/\/sinpes.org.br\/site\/wp-json\/wp\/v2\/comments?post=512"}],"version-history":[{"count":5,"href":"https:\/\/sinpes.org.br\/site\/wp-json\/wp\/v2\/posts\/512\/revisions"}],"predecessor-version":[{"id":518,"href":"https:\/\/sinpes.org.br\/site\/wp-json\/wp\/v2\/posts\/512\/revisions\/518"}],"wp:featuredmedia":[{"embeddable":true,"href":"https:\/\/sinpes.org.br\/site\/wp-json\/wp\/v2\/media\/517"}],"wp:attachment":[{"href":"https:\/\/sinpes.org.br\/site\/wp-json\/wp\/v2\/media?parent=512"}],"wp:term":[{"taxonomy":"category","embeddable":true,"href":"https:\/\/sinpes.org.br\/site\/wp-json\/wp\/v2\/categories?post=512"},{"taxonomy":"post_tag","embeddable":true,"href":"https:\/\/sinpes.org.br\/site\/wp-json\/wp\/v2\/tags?post=512"}],"curies":[{"name":"wp","href":"https:\/\/api.w.org\/{rel}","templated":true}]}}