{"id":5113,"date":"2025-06-10T17:24:52","date_gmt":"2025-06-10T20:24:52","guid":{"rendered":"https:\/\/sinpes.org.br\/site\/?p=5113"},"modified":"2025-06-10T17:24:52","modified_gmt":"2025-06-10T20:24:52","slug":"intransigencia-e-falta-de-objetividade-do-sinepe-retarda-a-assinatura-da-cct-e-a-definicao-do-reajuste-salarial","status":"publish","type":"post","link":"https:\/\/sinpes.org.br\/site\/intransigencia-e-falta-de-objetividade-do-sinepe-retarda-a-assinatura-da-cct-e-a-definicao-do-reajuste-salarial\/","title":{"rendered":"INTRANSIG\u00caNCIA E FALTA DE OBJETIVIDADE DO SINEPE RETARDA A ASSINATURA DA CCT E A DEFINI\u00c7\u00c3O DO REAJUSTE SALARIAL"},"content":{"rendered":"<p><strong>10\/06\/2025<\/strong><\/p>\n<p>O Sindicato dos Professores do Ensino Superior de Curitiba e Regi\u00e3o Metropolitana \u2013 SINPES alerta a categoria: <strong>INFELIZMENTE, A CONCLUS\u00c3O DA NOVA CONVEN\u00c7\u00c3O COLETIVA DE TRABALHO 2025\/2027 E A DEFINI\u00c7\u00c3O DO SAL\u00c1RIO DEVIDO A PARTIR DE MAR\u00c7O DE 2025 SOFRER\u00c3O ATRASOS INDEFINIDOS. <\/strong><\/p>\n<p>Isto ocorre em face da intransig\u00eancia e da pouca objetividade do sindicato patronal. O SINEPE nega-se a recompor o sal\u00e1rio dos professores a partir de mar\u00e7o de 2025 com o percentual de <strong>6,22% <\/strong>referente a abono concedido em 2021 e suprimido em mar\u00e7o de 2022, acrescido da reposi\u00e7\u00e3o integral da infla\u00e7\u00e3o do per\u00edodo compreendido entre mar\u00e7o de 2024 e fevereiro de 2025 (INPC acumulado de 4,87%).<\/p>\n<p>A t\u00edtulo de recomposi\u00e7\u00e3o salarial oferece apenas a recomposi\u00e7\u00e3o do INPC de forma indecorosamente parcelada (3% em mar\u00e7o e 1.87% em agosto)<\/p>\n<p>Al\u00e9m disso, de forma desrespeitosa, ignora a pauta de reivindica\u00e7\u00f5es formulada pela categoria dos professores e encaminha sua \u201cpauta de reivindica\u00e7\u00f5es\u201d contendo in\u00fameras refer\u00eancias gen\u00e9ricas e evasivas e propondo a supress\u00e3o de 14 cl\u00e1usulas e altera\u00e7\u00e3o em preju\u00edzo dos professores de mais 24!<\/p>\n<p>Eis os direitos que est\u00e3o na mira dos patr\u00f5es, entre outros:<\/p>\n<p>&#8211; Redu\u00e7\u00e3o da base territorial do SINPES com a exclus\u00e3o do Munic\u00edpio de Pinhais;<\/p>\n<p>&#8211; Multas por atraso no pagamento de sal\u00e1rios<\/p>\n<p>&#8211; Horas extras remuneradas com adicional de 50%<\/p>\n<p>&#8211; Adicional noturno no percentual de 20%<\/p>\n<p>&#8211; Multa por reten\u00e7\u00e3o de CTPS<\/p>\n<p>&#8211; Veda\u00e7\u00e3o de dispensa arbitr\u00e1ria ou sem justa causa de docente gestante, desde a confirma\u00e7\u00e3o da gravidez at\u00e9 05 (cinco) meses ap\u00f3s o parto.<\/p>\n<p>Entre as refer\u00eancias gen\u00e9ricas que emperram o andamento das negocia\u00e7\u00f5es encontram-se, entre outras, \u201csubstituir o regime dos quinqu\u00eanios\u201d (pelo que?); \u201campliar o rol de atividades para a hora atividade\u201d (em que sentido?); \u201cajustar\u201d o texto da cl\u00e1usula 16 e os \u201climites\u201d da cl\u00e1usula 39 (em que termos?)<\/p>\n<p>Em mais de tr\u00eas d\u00e9cadas de negocia\u00e7\u00f5es com o SINEPE jamais houve tamanho desrespeito e desconsidera\u00e7\u00e3o aos professores do ensino superior nem ataques t\u00e3o ferinos a direitos consagrados dos docentes.<\/p>\n<p>Fontes que pediram para n\u00e3o ser identificadas revelaram que essa mudan\u00e7a truculenta de postura decorre da influ\u00eancia dos grandes grupos educacionais que adquiriram institui\u00e7\u00f5es de ensino na base territorial do SINPES e agora mandam no SINEPE.<\/p>\n<p>Ao contr\u00e1rio da postura adotada pela entidade patronal os dirigentes do SINPES (foto) est\u00e3o analisando uma a uma as propostas patronais e at\u00e9 a pr\u00f3xima quarta-feira encaminhar\u00e3o documento esclarecendo o que \u00e9 pass\u00edvel de altera\u00e7\u00e3o e o que n\u00e3o \u00e9, sempre levando em conta o crit\u00e9rio tradicionalmente adotado entre as partes nesses trinta anos de negocia\u00e7\u00e3o coletiva: concess\u00f5es rec\u00edprocas e proporcionais.<\/p>\n<p>Ao exigir muito e n\u00e3o querer conceder nada o SINEPE inviabiliza o prosseguimento das negocia\u00e7\u00f5es, que precisar\u00e3o passar pela mobiliza\u00e7\u00e3o dos professores, \u00fanica ferramenta dispon\u00edvel pela categoria para fazer voltar a reinar o bom senso no seio da classe patronal.<\/p>\n<p>N\u00e3o est\u00e1 descartada nem mesmo a deflagra\u00e7\u00e3o de greve por tempo indeterminado por uma categoria assoberbada de trabalho que v\u00ea seu poder aquisitivo e seu clima organizacional corro\u00eddo pela espiral inflacion\u00e1ria e pela trucul\u00eancia patronal.<\/p>\n<p><strong>O Sinpes entrou em contato com o SINEPE solicitando uma nota de esclarecimento sobre os fatos trazidos nestes texto. Por\u00e9m, at\u00e9 a publica\u00e7\u00e3o do mesmo, o SINEPE n\u00e3o tinha se manifestado.\u00a0<\/strong><\/p>\n<p>#SinpesAssim.<\/p>\n<!-- AddThis Advanced Settings generic via filter on the_content --><!-- AddThis Share Buttons generic via filter on the_content -->","protected":false},"excerpt":{"rendered":"<p>10\/06\/2025 O Sindicato dos Professores do Ensino Superior de Curitiba e Regi\u00e3o Metropolitana \u2013 SINPES alerta a categoria: INFELIZMENTE, A CONCLUS\u00c3O DA NOVA CONVEN\u00c7\u00c3O COLETIVA DE TRABALHO 2025\/2027 E A DEFINI\u00c7\u00c3O DO SAL\u00c1RIO DEVIDO A PARTIR DE MAR\u00c7O DE 2025 SOFRER\u00c3O ATRASOS INDEFINIDOS. Isto ocorre em face da intransig\u00eancia e da pouca objetividade do sindicato [&hellip;]<!-- AddThis Advanced Settings generic via filter on wp_trim_excerpt --><!-- AddThis Share Buttons generic via filter on wp_trim_excerpt --><\/p>\n","protected":false},"author":3,"featured_media":0,"comment_status":"closed","ping_status":"open","sticky":false,"template":"","format":"standard","meta":{"footnotes":""},"categories":[7,18,13],"tags":[331,392,1045,761,68,62],"class_list":["post-5113","post","type-post","status-publish","format-standard","hentry","category-arquivo-de-noticias","category-destaque","category-home","tag-cct","tag-convencao-coletiva","tag-convencao-coletiva-2025-2027","tag-reajuste","tag-sinepe","tag-sinpes"],"_links":{"self":[{"href":"https:\/\/sinpes.org.br\/site\/wp-json\/wp\/v2\/posts\/5113","targetHints":{"allow":["GET"]}}],"collection":[{"href":"https:\/\/sinpes.org.br\/site\/wp-json\/wp\/v2\/posts"}],"about":[{"href":"https:\/\/sinpes.org.br\/site\/wp-json\/wp\/v2\/types\/post"}],"author":[{"embeddable":true,"href":"https:\/\/sinpes.org.br\/site\/wp-json\/wp\/v2\/users\/3"}],"replies":[{"embeddable":true,"href":"https:\/\/sinpes.org.br\/site\/wp-json\/wp\/v2\/comments?post=5113"}],"version-history":[{"count":1,"href":"https:\/\/sinpes.org.br\/site\/wp-json\/wp\/v2\/posts\/5113\/revisions"}],"predecessor-version":[{"id":5114,"href":"https:\/\/sinpes.org.br\/site\/wp-json\/wp\/v2\/posts\/5113\/revisions\/5114"}],"wp:attachment":[{"href":"https:\/\/sinpes.org.br\/site\/wp-json\/wp\/v2\/media?parent=5113"}],"wp:term":[{"taxonomy":"category","embeddable":true,"href":"https:\/\/sinpes.org.br\/site\/wp-json\/wp\/v2\/categories?post=5113"},{"taxonomy":"post_tag","embeddable":true,"href":"https:\/\/sinpes.org.br\/site\/wp-json\/wp\/v2\/tags?post=5113"}],"curies":[{"name":"wp","href":"https:\/\/api.w.org\/{rel}","templated":true}]}}