{"id":509,"date":"2015-04-30T21:48:39","date_gmt":"2015-05-01T00:48:39","guid":{"rendered":"http:\/\/sinpes.org.br\/site\/?p=509"},"modified":"2015-04-30T21:48:39","modified_gmt":"2015-05-01T00:48:39","slug":"nota-oficial-do-sinpes-sobre-os-abusos-e-truculencia-do-governo-do-estado-parana-contra-os-professores","status":"publish","type":"post","link":"https:\/\/sinpes.org.br\/site\/nota-oficial-do-sinpes-sobre-os-abusos-e-truculencia-do-governo-do-estado-parana-contra-os-professores\/","title":{"rendered":"Nota Oficial do Sinpes Sobre os Abusos e Trucul\u00eancia do Governo do Estado Paran\u00e1 Contra os Professores"},"content":{"rendered":"<p style=\"text-align: justify;\">Ocorreram fatos grav\u00edssimos no Centro C\u00edvico, no cora\u00e7\u00e3o dos poderes do Estado do Paran\u00e1, no dia 29 de abril de 2015 que, certamente, ficar\u00e3o marcados para sempre na hist\u00f3ria do Paran\u00e1 e do Brasil. <!--more--><\/p>\n<p style=\"text-align: justify;\">Em um Centro que foi idealizado para ser profundamente C\u00edvico, os Professores que s\u00e3o os condutores do conhecimento, que s\u00e3o os mission\u00e1rios do saber, foram covardemente massacrados pelo Governo do Estado do Paran\u00e1.<\/p>\n<p style=\"text-align: justify;\">Tudo tem dois, ou mais lados e tudo comporta vers\u00f5es. Cada qual quer almejar ser o senhor das raz\u00f5es, quer ter a \u00faltima palavra, ter o dito final. \u00c9 a raz\u00e3o dos poderosos e dos vencedores que sempre tende a prevalecer, muito embora os fatos sejam, muitas vezes, outros.<\/p>\n<p style=\"text-align: justify;\">A desmoraliza\u00e7\u00e3o dos Professores, do Ensino e das institui\u00e7\u00f5es \u00e9 clar\u00edssima no Brasil dos tempos atuais. Isto est\u00e1 ocorrendo na esfera p\u00fablica e privada e nos governos estaduais e municipais e tamb\u00e9m na esfera federal.<\/p>\n<p style=\"text-align: justify;\">Estamos numa Democracia? Duvidamos profundamente disto.<\/p>\n<p style=\"text-align: justify;\">A continuar este caminhar o Brasil estar\u00e1 com seu futuro assegurado no subdesenvolvimento, na perda de espa\u00e7o comercial, na aus\u00eancia do desenvolvimento da ci\u00eancia, na tecnologia submissa, na pesquisa vazia e na mis\u00e9ria das humanidades.<\/p>\n<p style=\"text-align: justify;\">Somos, afinal, uma na\u00e7\u00e3o gerada na coloniza\u00e7\u00e3o explorat\u00f3ria, na escravid\u00e3o cruel e de v\u00e1rios s\u00e9culos, sem espa\u00e7os para o saber e para a Democracia.<\/p>\n<p style=\"text-align: justify;\">As ditaduras fertilizaram no Brasil os abusos de toda ordem, o descumprimento das regras fizeram vicejar elites profundamente corrompidas e incompetentes.<\/p>\n<p style=\"text-align: justify;\">N\u00e3o h\u00e1 mais espa\u00e7o para a barb\u00e1rie. N\u00e3o h\u00e1 espa\u00e7o para a viol\u00eancia. H\u00e1, sim, regras e normas em um estado Democr\u00e1tico, Social e de Direito que se imp\u00f5em a todos: aos governantes e aos governados; aos poderosos e aos humildes; aos ricos e aos pobres.<\/p>\n<p style=\"text-align: justify;\">Tudo isto leva-nos a lutar por uma nova aboli\u00e7\u00e3o da escravatura: a escravatura de um sistema jur\u00eddico injusto e negador dos direitos fundamentais.<\/p>\n<p style=\"text-align: justify;\">Pela aboli\u00e7\u00e3o da Constitui\u00e7\u00e3o de fachada, das institui\u00e7\u00f5es e Poderes de fachada, desta Democracia de fachada e da repress\u00e3o que se fez mais sanguin\u00e1ria que a dos idos da Ditadura Militar.<\/p>\n<p style=\"text-align: justify;\">Por uma nova Lei \u00c1urea que liberte de verdade; que respeite os Professores; que seja compromissada com o futuro do Brasil.<\/p>\n<p style=\"text-align: justify;\">Pelo conhecimento, pelo saber, pela ilustra\u00e7\u00e3o, pelo respeito \u00e0s opini\u00f5es divergentes, ao Direito de se fazerem manifesta\u00e7\u00f5es e de se poder assistir \u00e0s vota\u00e7\u00f5es nos Parlamentos.<\/p>\n<p style=\"text-align: justify;\">Pelo Direito de ousar pensar diferente dos poderosos ditadores que se travestem de Democratas!<\/p>\n<p style=\"text-align: justify;\">Fa\u00e7amos surgir um Estado do Povo, pelo Povo e para o Povo, profundamente Democr\u00e1tico, Justo e Republicano!<\/p>\n<p style=\"text-align: justify;\">Abaixo a Ditadura! Abaixo o Autoritarismo! Abaixo a Ilegalidade do uso arbitr\u00e1rio, desmedido e sanguin\u00e1rio das for\u00e7as do Estado contra os Professores e os Cidad\u00e3os!<\/p>\n<p style=\"text-align: justify;\">Pol\u00edtica \u00e9 di\u00e1logo, Participa\u00e7\u00e3o, Cidadania e Justi\u00e7a.<\/p>\n<p style=\"text-align: justify;\">\n<p style=\"text-align: justify;\">DIRETORIA DO SINPES.<\/p>\n<!-- AddThis Advanced Settings generic via filter on the_content --><!-- AddThis Share Buttons generic via filter on the_content -->","protected":false},"excerpt":{"rendered":"<p>Ocorreram fatos grav\u00edssimos no Centro C\u00edvico, no cora\u00e7\u00e3o dos poderes do Estado do Paran\u00e1, no dia 29 de abril de 2015 que, certamente, ficar\u00e3o marcados para sempre na hist\u00f3ria do Paran\u00e1 e do Brasil.<!-- AddThis Advanced Settings generic via filter on wp_trim_excerpt --><!-- AddThis Share Buttons generic via filter on wp_trim_excerpt --><\/p>\n","protected":false},"author":2,"featured_media":510,"comment_status":"closed","ping_status":"open","sticky":false,"template":"","format":"standard","meta":{"footnotes":""},"categories":[18,13,5],"tags":[50,51,22,62],"class_list":["post-509","post","type-post","status-publish","format-standard","has-post-thumbnail","hentry","category-destaque","category-home","category-sinpes","tag-governo-do-estado-do-parana","tag-policia-militar","tag-professores","tag-sinpes"],"_links":{"self":[{"href":"https:\/\/sinpes.org.br\/site\/wp-json\/wp\/v2\/posts\/509","targetHints":{"allow":["GET"]}}],"collection":[{"href":"https:\/\/sinpes.org.br\/site\/wp-json\/wp\/v2\/posts"}],"about":[{"href":"https:\/\/sinpes.org.br\/site\/wp-json\/wp\/v2\/types\/post"}],"author":[{"embeddable":true,"href":"https:\/\/sinpes.org.br\/site\/wp-json\/wp\/v2\/users\/2"}],"replies":[{"embeddable":true,"href":"https:\/\/sinpes.org.br\/site\/wp-json\/wp\/v2\/comments?post=509"}],"version-history":[{"count":1,"href":"https:\/\/sinpes.org.br\/site\/wp-json\/wp\/v2\/posts\/509\/revisions"}],"predecessor-version":[{"id":511,"href":"https:\/\/sinpes.org.br\/site\/wp-json\/wp\/v2\/posts\/509\/revisions\/511"}],"wp:featuredmedia":[{"embeddable":true,"href":"https:\/\/sinpes.org.br\/site\/wp-json\/wp\/v2\/media\/510"}],"wp:attachment":[{"href":"https:\/\/sinpes.org.br\/site\/wp-json\/wp\/v2\/media?parent=509"}],"wp:term":[{"taxonomy":"category","embeddable":true,"href":"https:\/\/sinpes.org.br\/site\/wp-json\/wp\/v2\/categories?post=509"},{"taxonomy":"post_tag","embeddable":true,"href":"https:\/\/sinpes.org.br\/site\/wp-json\/wp\/v2\/tags?post=509"}],"curies":[{"name":"wp","href":"https:\/\/api.w.org\/{rel}","templated":true}]}}