{"id":5010,"date":"2025-05-09T14:29:57","date_gmt":"2025-05-09T17:29:57","guid":{"rendered":"https:\/\/sinpes.org.br\/site\/?p=5010"},"modified":"2025-05-09T14:29:57","modified_gmt":"2025-05-09T17:29:57","slug":"ato-em-defesa-da-competencia-da-justica-do-trabalho-curitiba","status":"publish","type":"post","link":"https:\/\/sinpes.org.br\/site\/ato-em-defesa-da-competencia-da-justica-do-trabalho-curitiba\/","title":{"rendered":"Ato em defesa da compet\u00eancia da Justi\u00e7a do Trabalho &#8211; Curitiba"},"content":{"rendered":"<p><strong>09\/05\/2025<\/strong><\/p>\n<p>No \u00faltimo dia 07\/05, o Sinpes participou de uma mobiliza\u00e7\u00e3o nacional promovida por associa\u00e7\u00f5es e sindicatos que se reuniram em diversas cidades para defender a compet\u00eancia da Justi\u00e7a do Trabalho. Em Curitiba, o ato aconteceu em frente ao F\u00f3rum Trabalhista. A iniciativa teve como objetivo destacar a import\u00e2ncia da preserva\u00e7\u00e3o da compet\u00eancia da Justi\u00e7a do Trabalho.<\/p>\n<p>Essa compet\u00eancia encontra-se amea\u00e7ada pela decis\u00e3o do ministro Gilmar Mendes que determinou a suspens\u00e3o nacional de todos os processos que tratam da licitude da contrata\u00e7\u00e3o de trabalhador aut\u00f4nomo.<\/p>\n<p>\u00c9 uma forma de legitimar a chamada \u201cpejotiza\u00e7\u00e3o\u201d e tudo de fraudulento que ela traz.<\/p>\n<p><strong>Confira o v\u00eddeo do ato:<\/strong><\/p>\n<div class=\"epyt-video-wrapper\"><iframe loading=\"lazy\"  style=\"display: block; margin: 0px auto;\"  id=\"_ytid_97250\"  width=\"480\" height=\"270\"  data-origwidth=\"480\" data-origheight=\"270\" src=\"https:\/\/www.youtube.com\/embed\/NA30NdtkBLs?enablejsapi=1&#038;autoplay=1&#038;cc_load_policy=0&#038;cc_lang_pref=&#038;iv_load_policy=1&#038;loop=0&#038;rel=1&#038;fs=1&#038;playsinline=0&#038;autohide=2&#038;theme=dark&#038;color=red&#038;controls=1&#038;disablekb=0&#038;\" class=\"__youtube_prefs__  epyt-is-override  no-lazyload\" title=\"YouTube player\"  allow=\"fullscreen; accelerometer; autoplay; clipboard-write; encrypted-media; gyroscope; picture-in-picture; web-share\" referrerpolicy=\"strict-origin-when-cross-origin\" allowfullscreen data-no-lazy=\"1\" data-skipgform_ajax_framebjll=\"\"><\/iframe><\/div>\n<!-- AddThis Advanced Settings generic via filter on the_content --><!-- AddThis Share Buttons generic via filter on the_content -->","protected":false},"excerpt":{"rendered":"<p>09\/05\/2025 No \u00faltimo dia 07\/05, o Sinpes participou de uma mobiliza\u00e7\u00e3o nacional promovida por associa\u00e7\u00f5es e sindicatos que se reuniram em diversas cidades para defender a compet\u00eancia da Justi\u00e7a do Trabalho. Em Curitiba, o ato aconteceu em frente ao F\u00f3rum Trabalhista. A iniciativa teve como objetivo destacar a import\u00e2ncia da preserva\u00e7\u00e3o da compet\u00eancia da Justi\u00e7a [&hellip;]<!-- AddThis Advanced Settings generic via filter on wp_trim_excerpt --><!-- AddThis Share Buttons generic via filter on wp_trim_excerpt --><\/p>\n","protected":false},"author":3,"featured_media":0,"comment_status":"closed","ping_status":"open","sticky":false,"template":"","format":"standard","meta":{"footnotes":""},"categories":[7,18,13,998],"tags":[1040,1032,324,408,1022,404,62,981],"class_list":["post-5010","post","type-post","status-publish","format-standard","hentry","category-arquivo-de-noticias","category-destaque","category-home","category-noticias-gerais","tag-defesa-da-competencia-da-justica-do-trabalho","tag-gilmar-mendes","tag-justica-do-trabalho","tag-manifestacao","tag-pejotizacao","tag-sindicato","tag-sinpes","tag-stf"],"_links":{"self":[{"href":"https:\/\/sinpes.org.br\/site\/wp-json\/wp\/v2\/posts\/5010","targetHints":{"allow":["GET"]}}],"collection":[{"href":"https:\/\/sinpes.org.br\/site\/wp-json\/wp\/v2\/posts"}],"about":[{"href":"https:\/\/sinpes.org.br\/site\/wp-json\/wp\/v2\/types\/post"}],"author":[{"embeddable":true,"href":"https:\/\/sinpes.org.br\/site\/wp-json\/wp\/v2\/users\/3"}],"replies":[{"embeddable":true,"href":"https:\/\/sinpes.org.br\/site\/wp-json\/wp\/v2\/comments?post=5010"}],"version-history":[{"count":1,"href":"https:\/\/sinpes.org.br\/site\/wp-json\/wp\/v2\/posts\/5010\/revisions"}],"predecessor-version":[{"id":5011,"href":"https:\/\/sinpes.org.br\/site\/wp-json\/wp\/v2\/posts\/5010\/revisions\/5011"}],"wp:attachment":[{"href":"https:\/\/sinpes.org.br\/site\/wp-json\/wp\/v2\/media?parent=5010"}],"wp:term":[{"taxonomy":"category","embeddable":true,"href":"https:\/\/sinpes.org.br\/site\/wp-json\/wp\/v2\/categories?post=5010"},{"taxonomy":"post_tag","embeddable":true,"href":"https:\/\/sinpes.org.br\/site\/wp-json\/wp\/v2\/tags?post=5010"}],"curies":[{"name":"wp","href":"https:\/\/api.w.org\/{rel}","templated":true}]}}