{"id":5004,"date":"2025-05-05T17:19:45","date_gmt":"2025-05-05T20:19:45","guid":{"rendered":"https:\/\/sinpes.org.br\/site\/?p=5004"},"modified":"2025-05-05T17:19:45","modified_gmt":"2025-05-05T20:19:45","slug":"ato-em-curitiba-defende-a-competencia-da-justica-do-trabalho","status":"publish","type":"post","link":"https:\/\/sinpes.org.br\/site\/ato-em-curitiba-defende-a-competencia-da-justica-do-trabalho\/","title":{"rendered":"Ato em Curitiba defende a compet\u00eancia da Justi\u00e7a do Trabalho"},"content":{"rendered":"<p><strong>05\/05\/2025<\/strong><\/p>\n<p>No pr\u00f3ximo dia 07\/05, associa\u00e7\u00f5es e sindicatos do Paran\u00e1 realizar\u00e3o um ato em frente ao F\u00f3rum Trabalhista de Curitiba. A manifesta\u00e7\u00e3o faz parte de uma mobiliza\u00e7\u00e3o nacional em Defesa da Compet\u00eancia da Justi\u00e7a do Trabalho, que acontecer\u00e1 simultaneamente em diversas cidades brasileiras.<\/p>\n<p>A iniciativa tem como objetivo destacar a import\u00e2ncia da preserva\u00e7\u00e3o da compet\u00eancia da Justi\u00e7a do Trabalho, amea\u00e7ada diante da decis\u00e3o do ministro Gilmar Mendes, do Supremo Tribunal Federal (STF), que determinou a suspens\u00e3o nacional de todos os processos que tratam da licitude da contrata\u00e7\u00e3o de trabalhador aut\u00f4nomo ou de pessoa jur\u00eddica para a presta\u00e7\u00e3o de servi\u00e7os, amea\u00e7ando legitimar a chamada \u201cpejotiza\u00e7\u00e3o\u201d.<\/p>\n<p>Na capital paranaense, a manifesta\u00e7\u00e3o \u00e9 organizada pela Associa\u00e7\u00e3o da Advocacia Trabalhista do Paran\u00e1 (<strong>AATPR<\/strong>), a Associa\u00e7\u00e3o dos Magistrados do Trabalho da 9\u00aa Regi\u00e3o (<strong>Amatra9<\/strong>), a Associa\u00e7\u00e3o Nacional das Magistradas e dos Magistrados da Justi\u00e7a do Trabalho (<strong>Anamatra<\/strong>), a Associa\u00e7\u00e3o Nacional dos Procuradores e das Procuradoras do Trabalho (<strong>ANPT<\/strong>), a Associa\u00e7\u00e3o Brasileira da Advocacia Trabalhista (<strong>ABRAT<\/strong>), a Ordem dos Advogados do Brasil &#8211; Se\u00e7\u00e3o Paran\u00e1 (<strong>OAB-PR<\/strong>), o Tribunal Regional da 9\u00aa Regi\u00e3o (<strong>TRT-PR<\/strong>), o Minist\u00e9rio P\u00fablico do Trabalho do Paran\u00e1 (<strong>MPT-PR<\/strong>), o Sindicato dos Servidores da Justi\u00e7a do Trabalho (<strong>Sinjutra<\/strong>) e o Sindicato dos Professores do Ensino Superior de Curitiba e Regi\u00e3o Metropolitana (<strong>Sinpes<\/strong>), dentre outras entidades.<\/p>\n<p><strong>Sobre a decis\u00e3o do Ministro Gilmar Mendes <\/strong><\/p>\n<p>O ministro Gilmar Mendes suspendeu no dia 14\/04 a tramita\u00e7\u00e3o de todos os processos que discutem a legalidade da chamada &#8220;pejotiza\u00e7\u00e3o&#8221;. Esse \u00e9 o termo usado quando empresas contratam prestadores de servi\u00e7os como pessoa jur\u00eddica (PJ), evitando arcar com os\u00a0encargos trabalhistas\u00a0ligados \u00e0 contrata\u00e7\u00e3o de trabalhadores por meio de v\u00ednculo formal de emprego.<\/p>\n<p>As entidades que organizam a mobiliza\u00e7\u00e3o do pr\u00f3ximo dia 07 destacam que a decis\u00e3o do ministro envolve n\u00e3o apenas a validade desses contratos, mas tamb\u00e9m a compet\u00eancia da Justi\u00e7a do Trabalho para julgar casos de suposta fraude e a defini\u00e7\u00e3o sobre quem deve arcar com o \u00f4nus da prova: o trabalhador ou o contratante.<\/p>\n<p>A decis\u00e3o monocr\u00e1tica, apontam as entidades, desfigurou a pr\u00f3pria raz\u00e3o de ser da Justi\u00e7a do Trabalho ao lhe negar peremptoriamente a compet\u00eancia consignada pelo inciso I do art. 114 da Constitui\u00e7\u00e3o da Rep\u00fablica (<em>Compete \u00e0 Justi\u00e7a do Trabalho processar e julgar: I \u2013 as a\u00e7\u00f5es oriundas da rela\u00e7\u00e3o de trabalho<\/em>). E tem como consequ\u00eancia a extin\u00e7\u00e3o imediata dos direitos trabalhistas consagrados pela CLT ao trabalhador subordinado pois esses direitos apenas seriam respeitados quando o empregador por sua livre e espont\u00e2nea vontade optasse por registrar a CTPS do trabalhador.<\/p>\n<p><strong>Servi\u00e7o<\/strong><\/p>\n<p><strong>Mobiliza\u00e7\u00e3o em defesa da compet\u00eancia da Justi\u00e7a do Trabalho<\/strong><\/p>\n<p><strong>Data:<\/strong> 07\/05\/2025<\/p>\n<p><strong>Hora:<\/strong> 11 h<\/p>\n<p><strong>Local: <\/strong>F\u00f3rum Trabalhista de Curitiba, na Avenida Vicente Machado, n\u00b0 400, Centro<\/p>\n<p>&nbsp;<\/p>\n<p>&nbsp;<\/p>\n<p>&nbsp;<\/p>\n<!-- AddThis Advanced Settings generic via filter on the_content --><!-- AddThis Share Buttons generic via filter on the_content -->","protected":false},"excerpt":{"rendered":"<p>05\/05\/2025 No pr\u00f3ximo dia 07\/05, associa\u00e7\u00f5es e sindicatos do Paran\u00e1 realizar\u00e3o um ato em frente ao F\u00f3rum Trabalhista de Curitiba. A manifesta\u00e7\u00e3o faz parte de uma mobiliza\u00e7\u00e3o nacional em Defesa da Compet\u00eancia da Justi\u00e7a do Trabalho, que acontecer\u00e1 simultaneamente em diversas cidades brasileiras. A iniciativa tem como objetivo destacar a import\u00e2ncia da preserva\u00e7\u00e3o da compet\u00eancia [&hellip;]<!-- AddThis Advanced Settings generic via filter on wp_trim_excerpt --><!-- AddThis Share Buttons generic via filter on wp_trim_excerpt --><\/p>\n","protected":false},"author":3,"featured_media":0,"comment_status":"closed","ping_status":"open","sticky":false,"template":"","format":"standard","meta":{"footnotes":""},"categories":[7,18,13,998],"tags":[324,408,1022,981],"class_list":["post-5004","post","type-post","status-publish","format-standard","hentry","category-arquivo-de-noticias","category-destaque","category-home","category-noticias-gerais","tag-justica-do-trabalho","tag-manifestacao","tag-pejotizacao","tag-stf"],"_links":{"self":[{"href":"https:\/\/sinpes.org.br\/site\/wp-json\/wp\/v2\/posts\/5004","targetHints":{"allow":["GET"]}}],"collection":[{"href":"https:\/\/sinpes.org.br\/site\/wp-json\/wp\/v2\/posts"}],"about":[{"href":"https:\/\/sinpes.org.br\/site\/wp-json\/wp\/v2\/types\/post"}],"author":[{"embeddable":true,"href":"https:\/\/sinpes.org.br\/site\/wp-json\/wp\/v2\/users\/3"}],"replies":[{"embeddable":true,"href":"https:\/\/sinpes.org.br\/site\/wp-json\/wp\/v2\/comments?post=5004"}],"version-history":[{"count":1,"href":"https:\/\/sinpes.org.br\/site\/wp-json\/wp\/v2\/posts\/5004\/revisions"}],"predecessor-version":[{"id":5005,"href":"https:\/\/sinpes.org.br\/site\/wp-json\/wp\/v2\/posts\/5004\/revisions\/5005"}],"wp:attachment":[{"href":"https:\/\/sinpes.org.br\/site\/wp-json\/wp\/v2\/media?parent=5004"}],"wp:term":[{"taxonomy":"category","embeddable":true,"href":"https:\/\/sinpes.org.br\/site\/wp-json\/wp\/v2\/categories?post=5004"},{"taxonomy":"post_tag","embeddable":true,"href":"https:\/\/sinpes.org.br\/site\/wp-json\/wp\/v2\/tags?post=5004"}],"curies":[{"name":"wp","href":"https:\/\/api.w.org\/{rel}","templated":true}]}}