{"id":5002,"date":"2025-05-01T07:47:01","date_gmt":"2025-05-01T10:47:01","guid":{"rendered":"https:\/\/sinpes.org.br\/site\/?p=5002"},"modified":"2025-05-01T07:47:01","modified_gmt":"2025-05-01T10:47:01","slug":"dia-da-trabalhadora-e-do-trabalhador-sinpes-conclama-defesa-da-competencia-da-justica-do-trabalho","status":"publish","type":"post","link":"https:\/\/sinpes.org.br\/site\/dia-da-trabalhadora-e-do-trabalhador-sinpes-conclama-defesa-da-competencia-da-justica-do-trabalho\/","title":{"rendered":"Dia da Trabalhadora e do Trabalhador: SINPES conclama defesa da compet\u00eancia da Justi\u00e7a do Trabalho"},"content":{"rendered":"<p><strong>01\/05\/2025<\/strong><\/p>\n<p>Neste Dia Internacional do Trabalhador e da Trabalhadora, o Sindicato dos Professores do Ensino Superior de Curitiba e da Regi\u00e3o Metropolitana &#8211; SINPES manifesta mais uma vez sua indigna\u00e7\u00e3o frente \u00e0 decis\u00e3o monocr\u00e1tica do ministro Gilmar Mendes, que determinou a suspens\u00e3o nacional de todos os processos que tratam da licitude da contrata\u00e7\u00e3o de trabalhador aut\u00f4nomo ou de pessoa jur\u00eddica para a presta\u00e7\u00e3o de servi\u00e7os, amea\u00e7ando legitimar a malsinada \u201cpejotiza\u00e7\u00e3o\u201d.<\/p>\n<p>O SINPES repudia esses ardis concebidos para fraudar direitos trabalhistas, transmudando trabalhadores verdadeiramente subordinados em \u201caut\u00f4nomos\u201d e os afastando da prote\u00e7\u00e3o da legisla\u00e7\u00e3o do trabalho. Essa decis\u00e3o afronta o artigo 114 da Lei Maior que confere \u00e0 Justi\u00e7a do Trabalho a compet\u00eancia exclusiva para reconhecimento ou n\u00e3o do v\u00ednculo de emprego.<\/p>\n<p>\u00c9 imprescind\u00edvel que a sociedade civil organizada, a advocacia, a magistratura, o MPT, os sindicatos, as associa\u00e7\u00f5es de classe, as universidades e demais institui\u00e7\u00f5es comprometidas com o Estado Democr\u00e1tico de Direito unam esfor\u00e7os em torno dessa causa.<\/p>\n<p>A tentativa de resolver essas pend\u00eancias via c\u00fapula do Poder Judici\u00e1rio, sepultando os direitos trabalhistas numa vala comum na medida subestimando-se a forma em detrimento do que realmente acontece, sem o exame pontual de cada caso, \u00e9 procedimento que extrapola os limites da compet\u00eancia do Supremo Tribunal Federal, estimula o desaparecimento do trabalho subordinado e consequentemente dos direitos trabalhistas dele decorrentes.<\/p>\n<p>O SINPES conjuntamente com in\u00fameras entidades da sociedade civil convoca a todos para participarem de mobiliza\u00e7\u00e3o em defesa da compet\u00eancia da Justi\u00e7a do Trabalho que acontecer\u00e1 simultaneamente em diversas cidades brasileiras.<\/p>\n<p>Em Curitiba, o ato acontece \u00e0s 11 horas em frente ao F\u00f3rum Trabalhista de Curitiba, na Avenida Vicente Machado, n\u00b0 400, Centro.<\/p>\n<p><strong>#SINPESASSIM <\/strong><\/p>\n<!-- AddThis Advanced Settings generic via filter on the_content --><!-- AddThis Share Buttons generic via filter on the_content -->","protected":false},"excerpt":{"rendered":"<p>01\/05\/2025 Neste Dia Internacional do Trabalhador e da Trabalhadora, o Sindicato dos Professores do Ensino Superior de Curitiba e da Regi\u00e3o Metropolitana &#8211; SINPES manifesta mais uma vez sua indigna\u00e7\u00e3o frente \u00e0 decis\u00e3o monocr\u00e1tica do ministro Gilmar Mendes, que determinou a suspens\u00e3o nacional de todos os processos que tratam da licitude da contrata\u00e7\u00e3o de trabalhador [&hellip;]<!-- AddThis Advanced Settings generic via filter on wp_trim_excerpt --><!-- AddThis Share Buttons generic via filter on wp_trim_excerpt --><\/p>\n","protected":false},"author":3,"featured_media":0,"comment_status":"closed","ping_status":"open","sticky":false,"template":"","format":"standard","meta":{"footnotes":""},"categories":[7,18,13],"tags":[984,1039,1038,324,62],"class_list":["post-5002","post","type-post","status-publish","format-standard","hentry","category-arquivo-de-noticias","category-destaque","category-home","tag-1-de-maio","tag-dia-do-trabalhador-e-da-trabalhadora","tag-dia-do-trabalho","tag-justica-do-trabalho","tag-sinpes"],"_links":{"self":[{"href":"https:\/\/sinpes.org.br\/site\/wp-json\/wp\/v2\/posts\/5002","targetHints":{"allow":["GET"]}}],"collection":[{"href":"https:\/\/sinpes.org.br\/site\/wp-json\/wp\/v2\/posts"}],"about":[{"href":"https:\/\/sinpes.org.br\/site\/wp-json\/wp\/v2\/types\/post"}],"author":[{"embeddable":true,"href":"https:\/\/sinpes.org.br\/site\/wp-json\/wp\/v2\/users\/3"}],"replies":[{"embeddable":true,"href":"https:\/\/sinpes.org.br\/site\/wp-json\/wp\/v2\/comments?post=5002"}],"version-history":[{"count":1,"href":"https:\/\/sinpes.org.br\/site\/wp-json\/wp\/v2\/posts\/5002\/revisions"}],"predecessor-version":[{"id":5003,"href":"https:\/\/sinpes.org.br\/site\/wp-json\/wp\/v2\/posts\/5002\/revisions\/5003"}],"wp:attachment":[{"href":"https:\/\/sinpes.org.br\/site\/wp-json\/wp\/v2\/media?parent=5002"}],"wp:term":[{"taxonomy":"category","embeddable":true,"href":"https:\/\/sinpes.org.br\/site\/wp-json\/wp\/v2\/categories?post=5002"},{"taxonomy":"post_tag","embeddable":true,"href":"https:\/\/sinpes.org.br\/site\/wp-json\/wp\/v2\/tags?post=5002"}],"curies":[{"name":"wp","href":"https:\/\/api.w.org\/{rel}","templated":true}]}}