{"id":4990,"date":"2025-04-29T14:49:47","date_gmt":"2025-04-29T17:49:47","guid":{"rendered":"https:\/\/sinpes.org.br\/site\/?p=4990"},"modified":"2025-04-29T14:49:47","modified_gmt":"2025-04-29T17:49:47","slug":"sinpes-solidariza-se-aos-professores-da-rede-estadual-10-anos-do-massacre-do-centro-civico","status":"publish","type":"post","link":"https:\/\/sinpes.org.br\/site\/sinpes-solidariza-se-aos-professores-da-rede-estadual-10-anos-do-massacre-do-centro-civico\/","title":{"rendered":"SINPES solidariza-se aos professores da rede estadual: 10 anos do Massacre do Centro C\u00edvico"},"content":{"rendered":"<p><strong>29\/04\/2025<\/strong><\/p>\n<p>Neste 29 de abril, o Sindicato dos Professores do Ensino Superior de Curitiba e Regi\u00e3o Metropolitana \u2013 SINPES vem a p\u00fablico manifestar apoio aos professores da rede estadual do Paran\u00e1 em alus\u00e3o aos 10 anos do chamado \u201cMassacre do Centro C\u00edvico\u201d.<\/p>\n<p>Trata-se de epis\u00f3dio que \u00e9 marco na viol\u00eancia contra professores no Brasil. Em\u00a02015, mais de 20 mil servidores estaduais reuniram-se em frente ao Pal\u00e1cio Igua\u00e7u, no Centro C\u00edvico, em Curitiba. O protesto era contra mudan\u00e7as no custeio da\u00a0Paran\u00e1 Previd\u00eancia, entidade respons\u00e1vel pela gest\u00e3o e pagamento das aposentadorias e pens\u00f5es dos\u00a0servidores do Paran\u00e1. Por ordem do ent\u00e3o governador\u00a0Beto Richa\u00a0e do seu secret\u00e1rio de Seguran\u00e7a\u00a0Fernando Francischini\u00a0os docentes da rede p\u00fablica e simpatizantes foram recebidos pela Policia Militar com cacetetes, bombas de efeito moral, balas de borracha e spray de pimenta. Na ocasi\u00e3o, mais de 200 pessoas se feriram.<\/p>\n<p>S\u00e3o 10 anos de um epis\u00f3dio que se soma a outros, como o de 1988 quando o ent\u00e3o governador \u00c1lvaro Dias ordenou uma investida da Cavalaria da Policia Militar contra milhares de professores que se manifestavam por melhorias na educa\u00e7\u00e3o. Isso prova que os professores do Paran\u00e1 historicamente sofrem ataques pol\u00edticos aos seus direitos e s\u00e3o reprimidos fisicamente quando lutam por eles.<\/p>\n<p>O Sinpes soma-se \u00e0s milhares de vozes que se far\u00e3o ouvir neste 29 de abril pedindo um basta \u00e0 viol\u00eancia contra professores e professoras do estado do Paran\u00e1. E oferece apoio incondicional ao ato que ser\u00e1 conflagrado por diversos sindicatos em frente ao Pal\u00e1cio Igua\u00e7u na manh\u00e3 desta data.<\/p>\n<p><strong>#SinpesAssim <\/strong><\/p>\n<!-- AddThis Advanced Settings generic via filter on the_content --><!-- AddThis Share Buttons generic via filter on the_content -->","protected":false},"excerpt":{"rendered":"<p>29\/04\/2025 Neste 29 de abril, o Sindicato dos Professores do Ensino Superior de Curitiba e Regi\u00e3o Metropolitana \u2013 SINPES vem a p\u00fablico manifestar apoio aos professores da rede estadual do Paran\u00e1 em alus\u00e3o aos 10 anos do chamado \u201cMassacre do Centro C\u00edvico\u201d. Trata-se de epis\u00f3dio que \u00e9 marco na viol\u00eancia contra professores no Brasil. Em\u00a02015, [&hellip;]<!-- AddThis Advanced Settings generic via filter on wp_trim_excerpt --><!-- AddThis Share Buttons generic via filter on wp_trim_excerpt --><\/p>\n","protected":false},"author":3,"featured_media":0,"comment_status":"closed","ping_status":"open","sticky":false,"template":"","format":"standard","meta":{"footnotes":""},"categories":[7,18,998],"tags":[1036,408,1037,409,600,1035],"class_list":["post-4990","post","type-post","status-publish","format-standard","hentry","category-arquivo-de-noticias","category-destaque","category-noticias-gerais","tag-29-de-abril","tag-manifestacao","tag-massacre-do-centro-civico","tag-nota-de-apoio","tag-professores-do-parana","tag-violencia-contra-professores"],"_links":{"self":[{"href":"https:\/\/sinpes.org.br\/site\/wp-json\/wp\/v2\/posts\/4990","targetHints":{"allow":["GET"]}}],"collection":[{"href":"https:\/\/sinpes.org.br\/site\/wp-json\/wp\/v2\/posts"}],"about":[{"href":"https:\/\/sinpes.org.br\/site\/wp-json\/wp\/v2\/types\/post"}],"author":[{"embeddable":true,"href":"https:\/\/sinpes.org.br\/site\/wp-json\/wp\/v2\/users\/3"}],"replies":[{"embeddable":true,"href":"https:\/\/sinpes.org.br\/site\/wp-json\/wp\/v2\/comments?post=4990"}],"version-history":[{"count":1,"href":"https:\/\/sinpes.org.br\/site\/wp-json\/wp\/v2\/posts\/4990\/revisions"}],"predecessor-version":[{"id":4991,"href":"https:\/\/sinpes.org.br\/site\/wp-json\/wp\/v2\/posts\/4990\/revisions\/4991"}],"wp:attachment":[{"href":"https:\/\/sinpes.org.br\/site\/wp-json\/wp\/v2\/media?parent=4990"}],"wp:term":[{"taxonomy":"category","embeddable":true,"href":"https:\/\/sinpes.org.br\/site\/wp-json\/wp\/v2\/categories?post=4990"},{"taxonomy":"post_tag","embeddable":true,"href":"https:\/\/sinpes.org.br\/site\/wp-json\/wp\/v2\/tags?post=4990"}],"curies":[{"name":"wp","href":"https:\/\/api.w.org\/{rel}","templated":true}]}}