{"id":4967,"date":"2025-04-11T06:47:32","date_gmt":"2025-04-11T09:47:32","guid":{"rendered":"https:\/\/sinpes.org.br\/site\/?p=4967"},"modified":"2025-04-11T06:47:32","modified_gmt":"2025-04-11T09:47:32","slug":"sugestoes-para-pauta-de-reivindicacoes-da-cct-2025-2027","status":"publish","type":"post","link":"https:\/\/sinpes.org.br\/site\/sugestoes-para-pauta-de-reivindicacoes-da-cct-2025-2027\/","title":{"rendered":"Sugest\u00f5es para Pauta de Reivindica\u00e7\u00f5es da CCT 2025\/2027"},"content":{"rendered":"<p><strong>10\/04\/2025<\/strong><\/p>\n<p>O SINPES convida professores e professoras do ensino superior privado para enviar sugest\u00f5es a fim de compor a pauta de reivindica\u00e7\u00f5es da nova Conven\u00e7\u00e3o Coletiva de Trabalho.<br \/>\nEssas sugest\u00f5es, encaminhadas atrav\u00e9s desse formul\u00e1rio ser\u00e3o incorporadas \u00e0 pauta oficial desde que n\u00e3o afrontem o princ\u00edpio da razoabilidade, as finalidades do SINPES nem colidam com preceitos de lei mais favor\u00e1veis, direito convencional ou outra sugest\u00e3o encaminhada com maior abrang\u00eancia.<br \/>\nAs sugest\u00f5es para a mobiliza\u00e7\u00e3o da categoria s\u00e3o imprescind\u00edveis esse ano, dada a grande intransig\u00eancia e trucul\u00eancia incomum do SINEPE.<\/p>\n<p><strong>As sugest\u00f5es poder\u00e3o ser encaminhadas at\u00e9 as 23h59 do dia 16\/04\/2025.<\/strong><br \/>\n<strong>No dia 24\/04\/2024 \u00e0s 17h00min faremos nova sess\u00e3o dessa assembleia prorrogada por tempo indeterminado para discuss\u00e3o e in\u00edcio de vota\u00e7\u00e3o das sugest\u00f5es.<\/strong><\/p>\n<p><strong>O processo de vota\u00e7\u00e3o encerrar\u00e1 no dia 25.04.2025 \u00e0s 23h59min.<\/strong><\/p>\n<p>\ud83d\udcf2 Acesse o link:\u00a0<a href=\"https:\/\/docs.google.com\/forms\/d\/e\/1FAIpQLSfbwqgFvD-i87jWe8V5ZBbGPQX1zbr82Hm9SdEwpKHjfUrIUQ\/viewform\">https:\/\/docs.google.com\/forms\/d\/e\/1FAIpQLSfbwqgFvD-i87jWe8V5ZBbGPQX1zbr82Hm9SdEwpKHjfUrIUQ\/viewform<\/a><\/p>\n<!-- AddThis Advanced Settings generic via filter on the_content --><!-- AddThis Share Buttons generic via filter on the_content -->","protected":false},"excerpt":{"rendered":"<p>10\/04\/2025 O SINPES convida professores e professoras do ensino superior privado para enviar sugest\u00f5es a fim de compor a pauta de reivindica\u00e7\u00f5es da nova Conven\u00e7\u00e3o Coletiva de Trabalho. Essas sugest\u00f5es, encaminhadas atrav\u00e9s desse formul\u00e1rio ser\u00e3o incorporadas \u00e0 pauta oficial desde que n\u00e3o afrontem o princ\u00edpio da razoabilidade, as finalidades do SINPES nem colidam com preceitos [&hellip;]<!-- AddThis Advanced Settings generic via filter on wp_trim_excerpt --><!-- AddThis Share Buttons generic via filter on wp_trim_excerpt --><\/p>\n","protected":false},"author":3,"featured_media":0,"comment_status":"closed","ping_status":"open","sticky":false,"template":"","format":"standard","meta":{"footnotes":""},"categories":[18,13,998],"tags":[305,331,62,538],"class_list":["post-4967","post","type-post","status-publish","format-standard","hentry","category-destaque","category-home","category-noticias-gerais","tag-assembleia","tag-cct","tag-sinpes","tag-votacao"],"_links":{"self":[{"href":"https:\/\/sinpes.org.br\/site\/wp-json\/wp\/v2\/posts\/4967","targetHints":{"allow":["GET"]}}],"collection":[{"href":"https:\/\/sinpes.org.br\/site\/wp-json\/wp\/v2\/posts"}],"about":[{"href":"https:\/\/sinpes.org.br\/site\/wp-json\/wp\/v2\/types\/post"}],"author":[{"embeddable":true,"href":"https:\/\/sinpes.org.br\/site\/wp-json\/wp\/v2\/users\/3"}],"replies":[{"embeddable":true,"href":"https:\/\/sinpes.org.br\/site\/wp-json\/wp\/v2\/comments?post=4967"}],"version-history":[{"count":1,"href":"https:\/\/sinpes.org.br\/site\/wp-json\/wp\/v2\/posts\/4967\/revisions"}],"predecessor-version":[{"id":4968,"href":"https:\/\/sinpes.org.br\/site\/wp-json\/wp\/v2\/posts\/4967\/revisions\/4968"}],"wp:attachment":[{"href":"https:\/\/sinpes.org.br\/site\/wp-json\/wp\/v2\/media?parent=4967"}],"wp:term":[{"taxonomy":"category","embeddable":true,"href":"https:\/\/sinpes.org.br\/site\/wp-json\/wp\/v2\/categories?post=4967"},{"taxonomy":"post_tag","embeddable":true,"href":"https:\/\/sinpes.org.br\/site\/wp-json\/wp\/v2\/tags?post=4967"}],"curies":[{"name":"wp","href":"https:\/\/api.w.org\/{rel}","templated":true}]}}