{"id":4927,"date":"2025-03-12T17:58:01","date_gmt":"2025-03-12T20:58:01","guid":{"rendered":"https:\/\/sinpes.org.br\/site\/?p=4927"},"modified":"2025-03-25T15:01:38","modified_gmt":"2025-03-25T18:01:38","slug":"faculdade-pan-fecha-turmas-de-direito-e-deixa-professores-sem-aulas","status":"publish","type":"post","link":"https:\/\/sinpes.org.br\/site\/faculdade-pan-fecha-turmas-de-direito-e-deixa-professores-sem-aulas\/","title":{"rendered":"Faculdade Pan fecha turmas de Direito e deixa professores sem aulas"},"content":{"rendered":"<p><strong>12\/03\/2025<\/strong><\/p>\n<p>O Sindicato dos Professores do Ensino Superior de Curitiba e Regi\u00e3o Metropolitana \u2013 SINPES recebeu den\u00fancia sobre fechamento de turmas do curso de Direito no Instituto Pan-Americano de Ensino e Treinamento Telepresencial (IPETT), mantenedor da Faculdade Pan- Americana de Administra\u00e7\u00e3o e Direito.<\/p>\n<p>A den\u00fancia, encaminhada de forma an\u00f4nima, revela que no dia 04 de fevereiro os docentes do per\u00edodo matutino foram informados de que a Dire\u00e7\u00e3o Geral da institui\u00e7\u00e3o decidiu, de forma unilateral, suspender todas as turmas desse turno, for\u00e7ando os alunos a migrarem para o per\u00edodo noturno ou buscarem outra institui\u00e7\u00e3o.<\/p>\n<p>A gravidade da situa\u00e7\u00e3o, aponta a den\u00fancia, se evidencia pelo fato de que o hor\u00e1rio das aulas j\u00e1 estava montado, e os professores haviam sido escalados para iniciar as atividades no dia 10 de fevereiro. O encerramento abrupto das turmas, a apenas uma semana do in\u00edcio das aulas, gerou preju\u00edzos significativos para os docentes, tanto materiais quanto morais, visto que a recoloca\u00e7\u00e3o no mercado de trabalho neste momento j\u00e1 se torna invi\u00e1vel.<\/p>\n<p>Conforme a den\u00fancia, a Faculdade Pan decidiu encerrar todas as turmas do curso de Direito no per\u00edodo matutino, incluindo uma turma de terceiro per\u00edodo, uma de quarto per\u00edodo (que j\u00e1 estava em andamento) e a turma de primeiro per\u00edodo, que estava prevista para iniciar. Os cerca de 20 alunos matriculados foram &#8220;convidados&#8221; a migrar para o per\u00edodo noturno ou procurar outra institui\u00e7\u00e3o.<\/p>\n<p>Em meados de fevereiro, a Faculdade teria optado por reabrir apenas a turma de primeiro per\u00edodo, mantendo as demais suspensas.<\/p>\n<p>Essa decis\u00e3o impactou diretamente 8 ou 9 professores que j\u00e1 estavam escalados para ministrar aulas nessas turmas. O cronograma j\u00e1 estava definido, e as aulas come\u00e7ariam no \u00faltimo dia 10\/02. No entanto, esses docentes n\u00e3o ter\u00e3o como ser realocados em outras institui\u00e7\u00f5es, pois os hor\u00e1rios acad\u00eamicos j\u00e1 foram fechados.<\/p>\n<p>At\u00e9 o momento, segundo a den\u00fancia, a Faculdade Pan n\u00e3o tomou nenhuma medida para compensar ou realocar os professores afetados. Al\u00e9m disso, n\u00e3o demonstrou qualquer preocupa\u00e7\u00e3o ou considera\u00e7\u00e3o, apenas comunicando a decis\u00e3o de forma unilateral. A den\u00fancia tamb\u00e9m ressalta que boa parte dos docentes possui v\u00ednculo CLT.<\/p>\n<p><strong><em>Atualiza\u00e7\u00e3o:<\/em><\/strong><\/p>\n<p>O Sinpes recebeu um posicionamento da Faculdade Pan sobre as den\u00fancias trazidas neste texto e o publica, em sua integralidade, abaixo:<\/p>\n<p>&#8220;<em>No \u00faltimo dia 10\/03\/25 recebemos e-mail, enviado pelo Sr. Jos\u00e9 Pires (assessor de imprensa do sindicato), indagando a respeito do fechamento de turmas do Curso de Direito da Faculdade Pan.<\/em><\/p>\n<p><em>Imediatamente, o referido\u00a0e-mail\u00a0foi encaminhado para o setor respons\u00e1vel, para esclarecimentos.<\/em><\/p>\n<p><em>\u00a0Qual n\u00e3o foi a surpresa da institui\u00e7\u00e3o ao verifica que, no dia 13\/03\/25, o sindicato publicou, em suas redes sociais (especialmente instagram), postagem com o t\u00edtulo\u00a0\u201cfaculdade pan fecha turmas de direito e deixa professores sem aula\u201d.<\/em><\/p>\n<p><em>\u00a0Antes de mais nada, faz-se importante mencionar que a referida postagem n\u00e3o reflete a realidade e, por isso, al\u00e9m de prestar um desservi\u00e7o para a comunidade, macula o bom nome da institui\u00e7\u00e3o e traz inseguran\u00e7a para os alunos.<\/em><\/p>\n<p><em>Destaca-se que a Faculdade Pan tem como principal objetivo proporcionar forma\u00e7\u00e3o de excel\u00eancia, garantindo ambiente acad\u00eamico acolhedor, para alunos e professores.<\/em><\/p>\n<p><em>Todas as decis\u00f5es s\u00e3o tomadas pela institui\u00e7\u00e3o respeitando o corpo docente e discente, sempre observando a autonomia garantida no art. 207 da Constitui\u00e7\u00e3o Federal.<\/em><\/p>\n<p><em>\u00a0Importante ressaltar que a institui\u00e7\u00e3o, recentemente, instituiu o \u201cN\u00facleo de Empregabilidade\u201d, sob a coordena\u00e7\u00e3o do Desembargador Dr. Ruy Henrique Alves. Em raz\u00e3o disso, passou a promover, na grade do Curso de Direito, disciplinas optativas visando incentivar o est\u00e1gio de alunos junto aos Tribunais, aliando, dessa forma, o aprendizado acad\u00eamico com a pr\u00e1tica jur\u00eddica.<\/em><\/p>\n<p><em>\u00a0Em raz\u00e3o disso, no in\u00edcio do ano letivo de 2025, diversos alunos que, outrora, estudavam no per\u00edodo da manh\u00e3, optaram pela transfer\u00eancia para o per\u00edodo noturno, de forma a ficarem dispon\u00edveis, durante o dia, para realizarem est\u00e1gio. Tal fato acarretou no fechamento de algumas turmas no per\u00edodo da manh\u00e3.<\/em><\/p>\n<p><em>Contudo, mesmo diante do fechamento de turmas no per\u00edodo matutino, os professores continuaram a lecionar nas turmas existentes (tanto nas turmas do per\u00edodo da manh\u00e3, quanto no per\u00edodo da noite), n\u00e3o tendo havido demiss\u00f5es.<\/em><\/p>\n<p><em>\u00a0Portanto, a postagem realizada pelo sindicato, de que professores teriam ficado \u201csem aula\u201d, n\u00e3o reflete a realidade e, por isso, deve ser imediatamente exclu\u00edda, sob pena de serem tomadas as medidas cab\u00edveis, inclusive para apurar eventuais perdas e danos.\u00a0<\/em><\/p>\n<div>\n<p><em>Coordena\u00e7\u00e3o do Curso de Direito da Faculdade Pan-Americana de Administra\u00e7\u00e3o e Direito&#8221;.\u00a0<\/em><\/p>\n<\/div>\n<!-- AddThis Advanced Settings generic via filter on the_content --><!-- AddThis Share Buttons generic via filter on the_content -->","protected":false},"excerpt":{"rendered":"<p>12\/03\/2025 O Sindicato dos Professores do Ensino Superior de Curitiba e Regi\u00e3o Metropolitana \u2013 SINPES recebeu den\u00fancia sobre fechamento de turmas do curso de Direito no Instituto Pan-Americano de Ensino e Treinamento Telepresencial (IPETT), mantenedor da Faculdade Pan- Americana de Administra\u00e7\u00e3o e Direito. A den\u00fancia, encaminhada de forma an\u00f4nima, revela que no dia 04 de [&hellip;]<!-- AddThis Advanced Settings generic via filter on wp_trim_excerpt --><!-- AddThis Share Buttons generic via filter on wp_trim_excerpt --><\/p>\n","protected":false},"author":3,"featured_media":0,"comment_status":"closed","ping_status":"open","sticky":false,"template":"","format":"standard","meta":{"footnotes":""},"categories":[7,18,13,998],"tags":[604,413,1025,1024,1023],"class_list":["post-4927","post","type-post","status-publish","format-standard","hentry","category-arquivo-de-noticias","category-destaque","category-home","category-noticias-gerais","tag-curitiba","tag-denuncia","tag-faculdade-pan","tag-fechamento-de-turmas","tag-reducao-de-horas"],"_links":{"self":[{"href":"https:\/\/sinpes.org.br\/site\/wp-json\/wp\/v2\/posts\/4927","targetHints":{"allow":["GET"]}}],"collection":[{"href":"https:\/\/sinpes.org.br\/site\/wp-json\/wp\/v2\/posts"}],"about":[{"href":"https:\/\/sinpes.org.br\/site\/wp-json\/wp\/v2\/types\/post"}],"author":[{"embeddable":true,"href":"https:\/\/sinpes.org.br\/site\/wp-json\/wp\/v2\/users\/3"}],"replies":[{"embeddable":true,"href":"https:\/\/sinpes.org.br\/site\/wp-json\/wp\/v2\/comments?post=4927"}],"version-history":[{"count":3,"href":"https:\/\/sinpes.org.br\/site\/wp-json\/wp\/v2\/posts\/4927\/revisions"}],"predecessor-version":[{"id":4934,"href":"https:\/\/sinpes.org.br\/site\/wp-json\/wp\/v2\/posts\/4927\/revisions\/4934"}],"wp:attachment":[{"href":"https:\/\/sinpes.org.br\/site\/wp-json\/wp\/v2\/media?parent=4927"}],"wp:term":[{"taxonomy":"category","embeddable":true,"href":"https:\/\/sinpes.org.br\/site\/wp-json\/wp\/v2\/categories?post=4927"},{"taxonomy":"post_tag","embeddable":true,"href":"https:\/\/sinpes.org.br\/site\/wp-json\/wp\/v2\/tags?post=4927"}],"curies":[{"name":"wp","href":"https:\/\/api.w.org\/{rel}","templated":true}]}}