{"id":4835,"date":"2024-11-18T14:31:36","date_gmt":"2024-11-18T17:31:36","guid":{"rendered":"https:\/\/sinpes.org.br\/site\/?p=4835"},"modified":"2024-11-18T14:57:23","modified_gmt":"2024-11-18T17:57:23","slug":"padre-domenico-costella-comemora-60-anos-de-sacerdocio","status":"publish","type":"post","link":"https:\/\/sinpes.org.br\/site\/padre-domenico-costella-comemora-60-anos-de-sacerdocio\/","title":{"rendered":"Padre Domenico Costella comemora 60 anos de sacerd\u00f3cio"},"content":{"rendered":"<p>18\/11\/2024<\/p>\n<p><a href=\"https:\/\/sinpes.org.br\/site\/wp-content\/uploads\/2024\/11\/WhatsApp-Image-2024-11-06-at-17.32.14-3.jpeg\"><img loading=\"lazy\" decoding=\"async\" class=\"aligncenter wp-image-4836 \" src=\"https:\/\/sinpes.org.br\/site\/wp-content\/uploads\/2024\/11\/WhatsApp-Image-2024-11-06-at-17.32.14-3-1024x768.jpeg\" alt=\"\" width=\"685\" height=\"514\" srcset=\"https:\/\/sinpes.org.br\/site\/wp-content\/uploads\/2024\/11\/WhatsApp-Image-2024-11-06-at-17.32.14-3-1024x768.jpeg 1024w, https:\/\/sinpes.org.br\/site\/wp-content\/uploads\/2024\/11\/WhatsApp-Image-2024-11-06-at-17.32.14-3-300x225.jpeg 300w, https:\/\/sinpes.org.br\/site\/wp-content\/uploads\/2024\/11\/WhatsApp-Image-2024-11-06-at-17.32.14-3-768x576.jpeg 768w, https:\/\/sinpes.org.br\/site\/wp-content\/uploads\/2024\/11\/WhatsApp-Image-2024-11-06-at-17.32.14-3-1536x1152.jpeg 1536w, https:\/\/sinpes.org.br\/site\/wp-content\/uploads\/2024\/11\/WhatsApp-Image-2024-11-06-at-17.32.14-3.jpeg 1600w\" sizes=\"auto, (max-width: 685px) 100vw, 685px\" \/><\/a><\/p>\n<p>No \u00faltimo dia 25\/10, ocorreu, na Igreja Bom Pastor, no bairro Vista Alegre em Curitiba, os 60 anos de ordena\u00e7\u00e3o sacerdotal do Padre Domenico Costella. O Sinpes foi representado no evento pelo seu Presidente, Valdyr Perrini.<\/p>\n<p>Nascido em Parma, na It\u00e1lia, em 1941, durante a Segunda Guerra Mundial, foi ordenado sacerdote em 1964, aos 23 anos de idade. Chegou ao Brasil em 1974 e se estabeleceu no sudoeste do Paran\u00e1 em En\u00e9as Marques. Veio para Curitiba em 1978 quando foi convidado a lecionar na Pontif\u00edcia Universidade Cat\u00f3lica do Paran\u00e1 (PUCPR) e a atuar na Par\u00f3quia Bom Pastor, no Vista Alegre.<\/p>\n<p>Padre Domenico foi um docente que marcou gera\u00e7\u00f5es de estudantes da PUCPR. \u00a0Era um encanto de professor. Carism\u00e1tico, irreverente, preparado e imbu\u00eddo de extraordin\u00e1ria dose de empatia, marcou indelevelmente a vida dos seus alunos como refer\u00eancia de integridade, empenho, voca\u00e7\u00e3o, bom humor e comprometimento cient\u00edfico.<\/p>\n<p>Mestre e doutor em Filosofia pela Pontif\u00edcia Universidade de Estudos S\u00e3o Tom\u00e1s de Aquino de Roma (Angelicum), chegou ao Brasil trazido pelos saudosos ventos da Teologia da Liberta\u00e7\u00e3o. Na PUC, participou da renova\u00e7\u00e3o do curr\u00edculo de Filosofia voltado ao Brasil e \u00e0 Am\u00e9rica Latina. Em 1986 participou ativamente de greve de professores por melhores condi\u00e7\u00f5es de trabalho e de remunera\u00e7\u00e3o.<\/p>\n<p>Na d\u00e9cada de 90, a Vice Reitora Acad\u00eamica da PUCPR, Ivete Cardoso, deflagrou movimento denominado \u201cConsci\u00eancia Cr\u00edtica\u201d, que envolveu professores e alunos com o objetivo de rediscutir a Universidade e a atualizar para enfrentar novos desafios.<\/p>\n<p>Um grupo participante desse movimento, integrado pelos professores Neuza Volpe, Ana Maria Laporte, Jer\u00f4nimo Molli e Luiz Alberto Souza Alves, entre outros, elaborou texto com sugest\u00f5es de altera\u00e7\u00f5es estatut\u00e1rias e regimentais. Entre as inova\u00e7\u00f5es propostas estava retirar do Regimento da PUC algumas nuances de origem medieval exigidas por ocasi\u00e3o da contrata\u00e7\u00e3o de professores de Teologia.<\/p>\n<p>Na exposi\u00e7\u00e3o de motivos que precedia as altera\u00e7\u00f5es propostas seguia um texto elaborado pelo grupo, o qual justificava a supress\u00e3o das vetustas exig\u00eancias: evitar que o ent\u00e3o Arcebispo, Dom Pedro Fedalto, ficasse conhecido com um \u201cTorquemada dos Pinheirais\u201d, alus\u00e3o feita a Tom\u00e1s de Torquemada, o Inquisidor-Geral espanhol, confessor da rainha Isabel, a Cat\u00f3lica.<\/p>\n<p>Esse texto foi lido pelo Padre Domenico Costella em uma reuni\u00e3o do Conselho Universit\u00e1rio da PUC, ente coletivo por ele integrado na qualidade de representante dos Professores Adjuntos.<\/p>\n<p>Foi a gota d\u2019\u00e1gua que precipitou sua despedida apesar dos integrantes do grupo Consci\u00eancia Cr\u00edtica terem assumido a autoria do texto n\u00e3o s\u00f3 perante o Reitor Euro Brand\u00e3o, mas tamb\u00e9m junto ao Arcebispo, Gr\u00e3o Chanceler da PUCPR.<\/p>\n<p>Um pouco antes desse epis\u00f3dio, os alunos da Universidade indicaram Dom\u00eanico para participar de uma elei\u00e7\u00e3o parit\u00e1ria informal para a escolha do Reitor da Universidade, organizada pelo DCE e pela Associa\u00e7\u00e3o dos Professores da PUCPR.<\/p>\n<p>Desencadeou-se ent\u00e3o um intenso debate sobre o tema na comunidade acad\u00eamica com a participa\u00e7\u00e3o ativa do \u201ccandidato\u201d Padre Dom\u00eanico Costella, que chegou at\u00e9 mesmo a dar entrevistas na RIC TV sobre o pleito.<\/p>\n<p>Na ocasi\u00e3o foi o nome mais votado, figurando como cabe\u00e7a de uma listra s\u00eaxtupla encaminhada para a Associa\u00e7\u00e3o Paranaense de Cultura, mantenedora da PUC. Essa lista foi integrada, entre outros, pela Professora Julieta Rodrigues Saboya Cordeiro, pelo Dr. Alberto Acciolly Veiga e pelo reitor Euro Brand\u00e3o que ficou em sexto lugar e foi reconduzido.<\/p>\n<p>Demitido imotivadamente pela PUCPR, teve sua despedida revertida judicialmente sete anos depois. Na \u00e9poca, seu desligamento despertou forte como\u00e7\u00e3o no ambiente universit\u00e1rio. Entre os diversos protestos realizados, alunos de Filosofia\u00ad manifestaram sua indigna\u00e7\u00e3o tocando tambores pelas depend\u00eancias da PUC.<\/p>\n<p>Parte significativa do montante recebido em face do processo judicial serviu para a constru\u00e7\u00e3o da sede do Instituto da Filosofia da Liberta\u00e7\u00e3o, inaugurada poucos meses depois de Champagnat, o fundador da Congrega\u00e7\u00e3o dos Irm\u00e3os Maristas ser canonizado e denominado pelo Papa Jo\u00e3o Paulo Segundo de o \u201cAp\u00f3stolo da Juventude\u201d.<\/p>\n<p>Na ocasi\u00e3o, em seu discurso, Padre Dom\u00eanico atribuiu, de forma irreverente, a obten\u00e7\u00e3o dos recursos para a constru\u00e7\u00e3o da sede do Instituto a mais um dos consagrados \u201cmilagres de Champagnat\u201d, que propiciaram sua canoniza\u00e7\u00e3o.<\/p>\n<p>Prova de que o mundo d\u00e1 muitas voltas, entre os personagens ilustres que parabenizaram em v\u00eddeo o Padre Dom\u00eanico Costella, por ocasi\u00e3o de seus 60 anos de sacerd\u00f3cio, estava ningu\u00e9m menos do que o Arcebispo Em\u00e9rito de Curitiba Dom Pedro Fedalto, hoje com 98 anos bem vividos.<\/p>\n<div id=\"attachment_4837\" style=\"width: 703px\" class=\"wp-caption aligncenter\"><a href=\"https:\/\/sinpes.org.br\/site\/wp-content\/uploads\/2024\/11\/WhatsApp-Image-2024-11-06-at-17.27.48-1.jpeg\"><img loading=\"lazy\" decoding=\"async\" aria-describedby=\"caption-attachment-4837\" class=\" wp-image-4837\" src=\"https:\/\/sinpes.org.br\/site\/wp-content\/uploads\/2024\/11\/WhatsApp-Image-2024-11-06-at-17.27.48-1-1024x768.jpeg\" alt=\"\" width=\"693\" height=\"520\" srcset=\"https:\/\/sinpes.org.br\/site\/wp-content\/uploads\/2024\/11\/WhatsApp-Image-2024-11-06-at-17.27.48-1-1024x768.jpeg 1024w, https:\/\/sinpes.org.br\/site\/wp-content\/uploads\/2024\/11\/WhatsApp-Image-2024-11-06-at-17.27.48-1-300x225.jpeg 300w, https:\/\/sinpes.org.br\/site\/wp-content\/uploads\/2024\/11\/WhatsApp-Image-2024-11-06-at-17.27.48-1-768x576.jpeg 768w, https:\/\/sinpes.org.br\/site\/wp-content\/uploads\/2024\/11\/WhatsApp-Image-2024-11-06-at-17.27.48-1-1536x1152.jpeg 1536w, https:\/\/sinpes.org.br\/site\/wp-content\/uploads\/2024\/11\/WhatsApp-Image-2024-11-06-at-17.27.48-1.jpeg 1600w\" sizes=\"auto, (max-width: 693px) 100vw, 693px\" \/><\/a><p id=\"caption-attachment-4837\" class=\"wp-caption-text\">Da esquerda para Direita: Desembargador Aposentado Ruy Miggiatti Filho, Professor Euclides Mance, Celso Ludwig, Padre Domenico, Neusa Volpe, Valdyr Perrini e Samuel Gomes, ex-presidente do DCE da PUC e da UPE.<\/p><\/div>\n<p>&nbsp;<\/p>\n<!-- AddThis Advanced Settings generic via filter on the_content --><!-- AddThis Share Buttons generic via filter on the_content -->","protected":false},"excerpt":{"rendered":"<p>18\/11\/2024 No \u00faltimo dia 25\/10, ocorreu, na Igreja Bom Pastor, no bairro Vista Alegre em Curitiba, os 60 anos de ordena\u00e7\u00e3o sacerdotal do Padre Domenico Costella. O Sinpes foi representado no evento pelo seu Presidente, Valdyr Perrini. Nascido em Parma, na It\u00e1lia, em 1941, durante a Segunda Guerra Mundial, foi ordenado sacerdote em 1964, aos [&hellip;]<!-- AddThis Advanced Settings generic via filter on wp_trim_excerpt --><!-- AddThis Share Buttons generic via filter on wp_trim_excerpt --><\/p>\n","protected":false},"author":3,"featured_media":0,"comment_status":"closed","ping_status":"open","sticky":false,"template":"","format":"standard","meta":{"footnotes":""},"categories":[7,18,13],"tags":[1011,1013,1012,635,61,418],"class_list":["post-4835","post","type-post","status-publish","format-standard","hentry","category-arquivo-de-noticias","category-destaque","category-home","tag-comemoracao","tag-domenico-costella","tag-padre-domenico","tag-professores-da-puc","tag-puc","tag-pucpr"],"_links":{"self":[{"href":"https:\/\/sinpes.org.br\/site\/wp-json\/wp\/v2\/posts\/4835","targetHints":{"allow":["GET"]}}],"collection":[{"href":"https:\/\/sinpes.org.br\/site\/wp-json\/wp\/v2\/posts"}],"about":[{"href":"https:\/\/sinpes.org.br\/site\/wp-json\/wp\/v2\/types\/post"}],"author":[{"embeddable":true,"href":"https:\/\/sinpes.org.br\/site\/wp-json\/wp\/v2\/users\/3"}],"replies":[{"embeddable":true,"href":"https:\/\/sinpes.org.br\/site\/wp-json\/wp\/v2\/comments?post=4835"}],"version-history":[{"count":3,"href":"https:\/\/sinpes.org.br\/site\/wp-json\/wp\/v2\/posts\/4835\/revisions"}],"predecessor-version":[{"id":4841,"href":"https:\/\/sinpes.org.br\/site\/wp-json\/wp\/v2\/posts\/4835\/revisions\/4841"}],"wp:attachment":[{"href":"https:\/\/sinpes.org.br\/site\/wp-json\/wp\/v2\/media?parent=4835"}],"wp:term":[{"taxonomy":"category","embeddable":true,"href":"https:\/\/sinpes.org.br\/site\/wp-json\/wp\/v2\/categories?post=4835"},{"taxonomy":"post_tag","embeddable":true,"href":"https:\/\/sinpes.org.br\/site\/wp-json\/wp\/v2\/tags?post=4835"}],"curies":[{"name":"wp","href":"https:\/\/api.w.org\/{rel}","templated":true}]}}