{"id":4830,"date":"2024-10-11T17:41:45","date_gmt":"2024-10-11T20:41:45","guid":{"rendered":"https:\/\/sinpes.org.br\/site\/?p=4830"},"modified":"2024-10-11T17:41:45","modified_gmt":"2024-10-11T20:41:45","slug":"sala-de-aula-ultima-fronteira-de-resistencia","status":"publish","type":"post","link":"https:\/\/sinpes.org.br\/site\/sala-de-aula-ultima-fronteira-de-resistencia\/","title":{"rendered":"Sala de aula: \u00daltima fronteira de resist\u00eancia!"},"content":{"rendered":"<p><strong>15\/10\/2024<\/strong><\/p>\n<p>Quando o Sindicato dos Professores do Ensino Superior de Curitiba e Regi\u00e3o Metropolitana \u2013 SINPES empossou sua nova diretoria divulgou os compromissos ent\u00e3o assumidos. Entre eles, trabalhar \u201cpela retomada do prazer da doc\u00eancia vocacionada\u201d.<\/p>\n<p>Este objetivo, uma das prioridades da nova diretoria, \u00e9 muito significativo. E falar sobre ele neste 15 de outubro \u00e9 fundamental.<\/p>\n<p>Dados de uma pesquisa feita pelo\u00a0Banco Interamericano de Desenvolvimento (BID) em 2023 revelam que s\u00f3 5% dos jovens brasileiros dizem querer ser professores quando est\u00e3o no ensino m\u00e9dio. E de acordo com os dados do Enade (Exame Nacional de Desempenho dos Estudantes) de 2021, cerca de 19% dos estudantes de licenciatura no Brasil n\u00e3o t\u00eam interesse em trabalhar como professores.<\/p>\n<p>Especialistas em educa\u00e7\u00e3o atribuem essa falta de interesse \u00e0 baixa remunera\u00e7\u00e3o e \u00e0s m\u00e1s condi\u00e7\u00f5es de trabalho enfrentadas pelos docentes.<\/p>\n<p>Melhores sal\u00e1rios, estabilidade no emprego, garantia de direitos, preserva\u00e7\u00e3o da sa\u00fade f\u00edsica e mental e liberdade de c\u00e1tedra constituem garantias que contribuem para a escolha e integra\u00e7\u00e3o do profissional da educa\u00e7\u00e3o na carreira.<\/p>\n<p>A par das prec\u00e1rias condi\u00e7\u00f5es de exerc\u00edcio profissional e de remunera\u00e7\u00e3o, o cerceio da liberdade de c\u00e1tedra, direito constitucionalmente garantido a todos os docentes, constituem as raz\u00f5es fundamentais para que aos poucos desapare\u00e7a o prazer da doc\u00eancia vocacionada e diminuam os profissionais dispostos a lecionar.<\/p>\n<p>A cada pleito eleitoral os professores viram alvo de extremistas que buscam votos pregando \u00f3dio contra a classe docente. Entre 2014 e 2020, 237 projetos foram apresentados pelo pa\u00eds afora com o objetivo de censurar professores e restringir a liberdade de c\u00e1tedra segundo levantamento feito pela frente\u00a0Escola sem Morda\u00e7a. De acordo com a pesquisa, dos projetos,\u00a0214 foram apresentados em munic\u00edpios, estados e no Distrito Federal. Os outros 23, no Congresso Nacional.<\/p>\n<p>Esse cen\u00e1rio reflete-se obviamente na sala de aula, \u00faltima trincheira de resist\u00eancia contra o obscurantismo que se espalha pelo Brasil e pelo Mundo em patamares alarmantes com o crescimento da extrema direita.<\/p>\n<p>Calar os professores, dificultando sua sobreviv\u00eancia e interferindo na liberdade de c\u00e1tedra \u00e9 estrat\u00e9gia contra a qual resistem heroicamente os docentes, que se recusam a se tornar meros reprodutores de conte\u00fados e aplicadores de avalia\u00e7\u00f5es.<\/p>\n<p>Nesse 15 de outubro de 2024 o SINPES brada com veem\u00eancia contra todas as tentativas em andamento para sufocar a capacidade do professor de agu\u00e7ar o senso cr\u00edtico de seus alunos e transmitir saber com vis\u00e3o questionadora e transformadora.<\/p>\n<p>E reafirma seu compromisso de homenagear diuturnamente os professores trabalhando pela retomada do prazer da atividade docente inspirado nos ensinamentos do saudoso professor Alo\u00edsio Surgik que n\u00e3o se cansava de repetir: <strong>\u201cO pragmatismo decorrente da ilus\u00e3o capitalista busca tr\u00eas coisas: lucro, lucro e lucro. Costumo dizer que meu compromisso com os alunos n\u00e3o \u00e9 o de impor \u2018conhecimentos\u2019 na busca imediata de dinheiro f\u00e1cil e inconsistente. Prefiro ajud\u00e1-los a pensar&#8230;\u201d.<\/strong><\/p>\n<p><strong>#SinpesAssim <\/strong><\/p>\n<p>&nbsp;<\/p>\n<p>&nbsp;<\/p>\n<!-- AddThis Advanced Settings generic via filter on the_content --><!-- AddThis Share Buttons generic via filter on the_content -->","protected":false},"excerpt":{"rendered":"<p>15\/10\/2024 Quando o Sindicato dos Professores do Ensino Superior de Curitiba e Regi\u00e3o Metropolitana \u2013 SINPES empossou sua nova diretoria divulgou os compromissos ent\u00e3o assumidos. Entre eles, trabalhar \u201cpela retomada do prazer da doc\u00eancia vocacionada\u201d. Este objetivo, uma das prioridades da nova diretoria, \u00e9 muito significativo. E falar sobre ele neste 15 de outubro \u00e9 [&hellip;]<!-- AddThis Advanced Settings generic via filter on wp_trim_excerpt --><!-- AddThis Share Buttons generic via filter on wp_trim_excerpt --><\/p>\n","protected":false},"author":3,"featured_media":0,"comment_status":"closed","ping_status":"open","sticky":false,"template":"","format":"standard","meta":{"footnotes":""},"categories":[7,18,13],"tags":[1008,1010,345,22,1009,404,62],"class_list":["post-4830","post","type-post","status-publish","format-standard","hentry","category-arquivo-de-noticias","category-destaque","category-home","tag-dia-dos-professores","tag-docencia","tag-liberdade-de-catedra","tag-professores","tag-sala-de-aula","tag-sindicato","tag-sinpes"],"_links":{"self":[{"href":"https:\/\/sinpes.org.br\/site\/wp-json\/wp\/v2\/posts\/4830","targetHints":{"allow":["GET"]}}],"collection":[{"href":"https:\/\/sinpes.org.br\/site\/wp-json\/wp\/v2\/posts"}],"about":[{"href":"https:\/\/sinpes.org.br\/site\/wp-json\/wp\/v2\/types\/post"}],"author":[{"embeddable":true,"href":"https:\/\/sinpes.org.br\/site\/wp-json\/wp\/v2\/users\/3"}],"replies":[{"embeddable":true,"href":"https:\/\/sinpes.org.br\/site\/wp-json\/wp\/v2\/comments?post=4830"}],"version-history":[{"count":1,"href":"https:\/\/sinpes.org.br\/site\/wp-json\/wp\/v2\/posts\/4830\/revisions"}],"predecessor-version":[{"id":4831,"href":"https:\/\/sinpes.org.br\/site\/wp-json\/wp\/v2\/posts\/4830\/revisions\/4831"}],"wp:attachment":[{"href":"https:\/\/sinpes.org.br\/site\/wp-json\/wp\/v2\/media?parent=4830"}],"wp:term":[{"taxonomy":"category","embeddable":true,"href":"https:\/\/sinpes.org.br\/site\/wp-json\/wp\/v2\/categories?post=4830"},{"taxonomy":"post_tag","embeddable":true,"href":"https:\/\/sinpes.org.br\/site\/wp-json\/wp\/v2\/tags?post=4830"}],"curies":[{"name":"wp","href":"https:\/\/api.w.org\/{rel}","templated":true}]}}