{"id":4812,"date":"2024-09-24T09:01:03","date_gmt":"2024-09-24T12:01:03","guid":{"rendered":"https:\/\/sinpes.org.br\/site\/?p=4812"},"modified":"2024-09-24T09:01:57","modified_gmt":"2024-09-24T12:01:57","slug":"sinpes-empossa-nova-diretoria","status":"publish","type":"post","link":"https:\/\/sinpes.org.br\/site\/sinpes-empossa-nova-diretoria\/","title":{"rendered":"Sinpes empossa nova diretoria"},"content":{"rendered":"<p><strong>24\/09\/2024<\/strong><\/p>\n<div id=\"attachment_4813\" style=\"width: 664px\" class=\"wp-caption aligncenter\"><a href=\"https:\/\/sinpes.org.br\/site\/wp-content\/uploads\/2024\/09\/WhatsApp-Image-2024-09-20-at-21.03.55.jpeg\"><img loading=\"lazy\" decoding=\"async\" aria-describedby=\"caption-attachment-4813\" class=\"wp-image-4813 \" src=\"https:\/\/sinpes.org.br\/site\/wp-content\/uploads\/2024\/09\/WhatsApp-Image-2024-09-20-at-21.03.55-1024x768.jpeg\" alt=\"\" width=\"654\" height=\"490\" srcset=\"https:\/\/sinpes.org.br\/site\/wp-content\/uploads\/2024\/09\/WhatsApp-Image-2024-09-20-at-21.03.55-1024x768.jpeg 1024w, https:\/\/sinpes.org.br\/site\/wp-content\/uploads\/2024\/09\/WhatsApp-Image-2024-09-20-at-21.03.55-300x225.jpeg 300w, https:\/\/sinpes.org.br\/site\/wp-content\/uploads\/2024\/09\/WhatsApp-Image-2024-09-20-at-21.03.55-768x576.jpeg 768w, https:\/\/sinpes.org.br\/site\/wp-content\/uploads\/2024\/09\/WhatsApp-Image-2024-09-20-at-21.03.55.jpeg 1280w\" sizes=\"auto, (max-width: 654px) 100vw, 654px\" \/><\/a><p id=\"caption-attachment-4813\" class=\"wp-caption-text\">A posse da nova diretoria aconteceu no dia 20\/09<\/p><\/div>\n<p>No \u00faltimo dia 20\/09, o Sindicato dos Professores do Ensino Superior de Curitiba e Regi\u00e3o Metropolitana \u2013 SINPES empossou sua nova diretoria. A Assembleia de posse aconteceu \u00e0s 14h30 via plataforma Zoom e foi precedida por um almo\u00e7o do qual participaram os representantes do Conselho Administrativo e Fiscal.<\/p>\n<p>A elei\u00e7\u00e3o que definiu a nova diretoria, que ficar\u00e1 \u00e0 frente do Sindicato no pr\u00f3ximo tri\u00eanio, aconteceu entre os dias 26 e 30 de agosto. Foram colhidos votos por meio de urna fixa, que permaneceu na sede do sindicato e tamb\u00e9m de urnas volantes, que circularam nas principais institui\u00e7\u00f5es de ensino superior de Curitiba e Regi\u00e3o Metropolitana nos hor\u00e1rios de aulas e de intervalos entre as aulas. Puderam votar professores e professoras filiados ao Sinpes h\u00e1 mais de seis meses, conforme determina\u00e7\u00e3o legal.<\/p>\n<p>Foi eleita a chapa\u00a0<strong>Experi\u00eancia, Uni\u00e3o e Mobiliza\u00e7\u00e3o,\u00a0<\/strong>com percentual de 98% dos votos v\u00e1lidos. A chapa \u00e9 composta por:<\/p>\n<p><strong>CONSELHO ADMINISTRATIVO<\/strong><\/p>\n<p><strong>VALDYR ARNALDO LESSNAU PERRINI<\/strong>\u00a0\u2013 Presidente \u2013 Professor aposentado e licenciado da Faculdade de Direito de Curitiba<\/p>\n<p><strong>DARLI DE F\u00c1TIMA SAMPAIO<\/strong>\u00a0\u2013 Vice-Presidente \u2013 Professora da PUCPR<\/p>\n<p><strong>CLAUDIO HENRIQUE DE CASTRO<\/strong>\u00a0\u2013 Secret\u00e1rio-Geral \u2013 Professor da Universidade Tuiuti<\/p>\n<p><strong>CEZAR BUENO DE LIMA<\/strong>\u00a0\u2013 Primeiro Secret\u00e1rio \u2013 Professor da PUCPR<\/p>\n<p><strong>BERNARDO KESTRING<\/strong>\u00a0\u2013 Tesoureiro \u2013 Professor do Unibrasil<\/p>\n<p><strong>REGINA FERNANDES REINERT<\/strong>\u00a0\u2013 Primeira Tesoureira \u2013 Professora da Uninter<\/p>\n<p><strong>CARLOS MAGNO ESTEVES VASCONCELLOS<\/strong>\u00a0\u2013 Diretor de Negocia\u00e7\u00f5es Coletivas \u2013 Professor do Unicuritiba<\/p>\n<p><strong>LEDO PAULO GUIMAR\u00c3ES SANTOS<\/strong>\u00a0\u2013 Primeiro Suplente da Diretoria \u2013 Professor da Positivo<\/p>\n<p><strong>ANTONIO DJALMA BRAGA JUNIOR<\/strong>\u00a0\u2013 Segundo Suplente da Diretoria \u2013 Professor da FASBAM e das Faculdades Vicentinas<\/p>\n<p><strong>PAULA TALITA COZERO<\/strong>\u00a0\u2013 Terceira Suplente Da Diretoria \u2013 Professora do Unibrasil<\/p>\n<p><strong>ROSA LYDIA TEIXEIRA CORREA<\/strong>\u00a0\u2013 Quarta Suplente Da Diretoria \u2013 Professora da PUCPR<\/p>\n<p><strong>FERNANDA BIAZZETO VILAR FABRICIO<\/strong>\u00a0\u2013 Quinta Suplente Da Diretoria \u2013 Professora da PUCPR<\/p>\n<p><strong>DANIEL PALA ABECHE<\/strong>\u2013 Sexto Suplente Da Diretoria \u2013 Professor da PUCPR<\/p>\n<p><strong>DEAN F\u00c1BIO BUENO DE ALMEIDA<\/strong>\u00a0\u2013 S\u00e9timo Suplente Da Diretoria \u2013 Professor da PUCPR<\/p>\n<p><strong>CONSELHO FISCAL<\/strong><\/p>\n<p><strong>LUIZ CARLOS BALCEWICZ<\/strong>\u00a0\u2013 Primeiro Titular Do Conselho Fiscal \u2013 Professor aposentado<\/p>\n<p><strong>WAGNER ROCHA D ANGELIS<\/strong>\u00a0\u2013 Segundo Titular Do Conselho Fiscal \u2013 Professor aposentado<\/p>\n<p><strong>LUIZ RENATO SKROCH ANDRETTA<\/strong>\u00a0\u2013 Terceiro Titular Do Conselho Fiscal \u2013 Professor aposentado<\/p>\n<p><strong>ROBERTO EURICO SCHMIDT JUNIOR<\/strong>\u00a0\u2013 Primeiro Suplente Do Conselho Fiscal \u2013 Professor aposentado<\/p>\n<p><strong>VITORIO SOROTIUK<\/strong>\u00a0\u2013 Segundo Suplente Do Conselho Fiscal \u2013 Professor aposentado<\/p>\n<p><strong>ILDA LOPES WITIUK<\/strong>\u00a0\u2013 Terceira Suplente Do Conselho Fiscal \u2013 Professora aposentada<\/p>\n<p><strong>Entre os compromissos assumidos pelos dirigentes eleitos encontram-se:<\/strong><\/p>\n<p>\u2013 Melhores condi\u00e7\u00f5es de trabalho e luta contra a precariza\u00e7\u00e3o da doc\u00eancia<\/p>\n<p>\u2013 Pela liberdade de C\u00e1tedra e autonomia docente<\/p>\n<p>\u2013 Contra a Pejotiza\u00e7\u00e3o<\/p>\n<p>\u2013 Pela retomada do prazer da doc\u00eancia vocacionada<\/p>\n<p>\u2013 Por planos de cargos e sal\u00e1rios que ampliem os direitos dos professores e professoras<\/p>\n<p>\u2013 Pela agiliza\u00e7\u00e3o da interven\u00e7\u00e3o do sindicato para coibir irregularidades nas IES<\/p>\n<p>\u2013 Por mais a\u00e7\u00f5es judiciais coletivas na defesa dos direitos e do patrim\u00f4nio de professores e professoras<\/p>\n<p>\u2013 Contra a diminui\u00e7\u00e3o e a supress\u00e3o de direitos hist\u00f3ricos de professores e professoras<\/p>\n<p>\u2013 Por valoriza\u00e7\u00e3o salarial e tratamento digno<\/p>\n<p>\u2013 Por medidas preventivas contra adoecimento docente<\/p>\n<p>\u2013 Contra dispensas arbitr\u00e1rias e abusivas<\/p>\n<p>\u2013 Pela participa\u00e7\u00e3o nos lucros das IES e pela co-gest\u00e3o<\/p>\n<p>\u2013 Por uma linha direta entre professores, professoras e sindicato<\/p>\n<p>&nbsp;<\/p>\n<!-- AddThis Advanced Settings generic via filter on the_content --><!-- AddThis Share Buttons generic via filter on the_content -->","protected":false},"excerpt":{"rendered":"<p>24\/09\/2024 No \u00faltimo dia 20\/09, o Sindicato dos Professores do Ensino Superior de Curitiba e Regi\u00e3o Metropolitana \u2013 SINPES empossou sua nova diretoria. A Assembleia de posse aconteceu \u00e0s 14h30 via plataforma Zoom e foi precedida por um almo\u00e7o do qual participaram os representantes do Conselho Administrativo e Fiscal. A elei\u00e7\u00e3o que definiu a nova [&hellip;]<!-- AddThis Advanced Settings generic via filter on wp_trim_excerpt --><!-- AddThis Share Buttons generic via filter on wp_trim_excerpt --><\/p>\n","protected":false},"author":3,"featured_media":0,"comment_status":"closed","ping_status":"open","sticky":false,"template":"","format":"standard","meta":{"footnotes":""},"categories":[7,13],"tags":[320,754,838,62],"class_list":["post-4812","post","type-post","status-publish","format-standard","hentry","category-arquivo-de-noticias","category-home","tag-diretoria","tag-eleicoes-sinpes","tag-nova-diretoria","tag-sinpes"],"_links":{"self":[{"href":"https:\/\/sinpes.org.br\/site\/wp-json\/wp\/v2\/posts\/4812","targetHints":{"allow":["GET"]}}],"collection":[{"href":"https:\/\/sinpes.org.br\/site\/wp-json\/wp\/v2\/posts"}],"about":[{"href":"https:\/\/sinpes.org.br\/site\/wp-json\/wp\/v2\/types\/post"}],"author":[{"embeddable":true,"href":"https:\/\/sinpes.org.br\/site\/wp-json\/wp\/v2\/users\/3"}],"replies":[{"embeddable":true,"href":"https:\/\/sinpes.org.br\/site\/wp-json\/wp\/v2\/comments?post=4812"}],"version-history":[{"count":2,"href":"https:\/\/sinpes.org.br\/site\/wp-json\/wp\/v2\/posts\/4812\/revisions"}],"predecessor-version":[{"id":4815,"href":"https:\/\/sinpes.org.br\/site\/wp-json\/wp\/v2\/posts\/4812\/revisions\/4815"}],"wp:attachment":[{"href":"https:\/\/sinpes.org.br\/site\/wp-json\/wp\/v2\/media?parent=4812"}],"wp:term":[{"taxonomy":"category","embeddable":true,"href":"https:\/\/sinpes.org.br\/site\/wp-json\/wp\/v2\/categories?post=4812"},{"taxonomy":"post_tag","embeddable":true,"href":"https:\/\/sinpes.org.br\/site\/wp-json\/wp\/v2\/tags?post=4812"}],"curies":[{"name":"wp","href":"https:\/\/api.w.org\/{rel}","templated":true}]}}